{"id":50877,"date":"2021-02-28T21:41:10","date_gmt":"2021-03-01T00:41:10","guid":{"rendered":"http:\/\/www.crossprensa.com.ar\/news\/?p=50877"},"modified":"2021-02-28T21:45:05","modified_gmt":"2021-03-01T00:45:05","slug":"mx-internacional-italia-resultados","status":"publish","type":"post","link":"http:\/\/www.crossprensa.com.ar\/news\/mx-internacional-italia-resultados\/hot-news\/","title":{"rendered":"MX INTERNACIONAL ITALIA &#8211; RESULTADOS"},"content":{"rendered":"<p>Comenz\u00f3 el movimiento europeo para los grandes pilotos, y sin dudas que Riola Sardo tuvo un Domingo magn\u00edfico! Prado ven\u00eda ganando la superfinal, pero un desperfecto en la moto lo oblig\u00f3 a entrar a boxes y abandonar, dejando en bandeja la victoria para Romain Febvr\u00e9. Aqu\u00ed todos los resultados y la cr\u00f3nica de la carrera.<\/p>\n<p><!--more--><\/p>\n<p>\u00a1Una Cerde\u00f1a en v\u00edsperas de la primavera dio la bienvenida a la primera de la \u201cSerie Internazionali d&#8217;Italia MX EICMA\u201d de motocross!<\/p>\n<p>Como siempre, la temporada de carreras internacionales en Europa se abre en la pista \u201cLe Dune\u201d, como ha subrayado el presidente de la Federaci\u00f3n Italiana de Motociclismo, Giovanni Copioli.<\/p>\n<p>Muchos pilotos extranjeros en la largada y con <strong>Tony Cairoli en la pista como espectador<\/strong>, a\u00fan recuper\u00e1ndose pero con muchas ganas de volver a la pista como protagonista.<\/p>\n<p>Hermosas carreras, muy ajustadas y con muchosvueltas, que emocionaron a los espectadores, especialmente en l\u00ednea gracias a la web en vivo.<\/p>\n<p>&nbsp;<\/p>\n<figure class=\"wp-block-image size-large\"><img fetchpriority=\"high\" decoding=\"async\" class=\"wp-image-8308 aligncenter\" src=\"https:\/\/i2.wp.com\/mxbars.net\/wp-content\/uploads\/2021\/02\/PodioSupercampione_Febvre_Olsen_Coldenhoff-1200x800-940x627.jpg?resize=629%2C419&amp;ssl=1\" sizes=\"(max-width: 1200px) 100vw, 1200px\" srcset=\"https:\/\/i2.wp.com\/mxbars.net\/wp-content\/uploads\/2021\/02\/PodioSupercampione_Febvre_Olsen_Coldenhoff-1200x800-940x627.jpg?resize=629%2C419&amp;ssl=1 1200w, https:\/\/mxbars.net\/wp-content\/uploads\/2021\/02\/PodioSupercampione_Febvre_Olsen_Coldenhoff-600x400.jpg 600w, https:\/\/mxbars.net\/wp-content\/uploads\/2021\/02\/PodioSupercampione_Febvre_Olsen_Coldenhoff-768x512.jpg 768w, https:\/\/mxbars.net\/wp-content\/uploads\/2021\/02\/PodioSupercampione_Febvre_Olsen_Coldenhoff-1536x1024-940x627.jpg 1536w, https:\/\/mxbars.net\/wp-content\/uploads\/2021\/02\/PodioSupercampione_Febvre_Olsen_Coldenhoff-510x340.jpg 510w, https:\/\/mxbars.net\/wp-content\/uploads\/2021\/02\/PodioSupercampione_Febvre_Olsen_Coldenhoff-940x626.jpg 1772w\" alt=\"\" width=\"629\" height=\"419\" data-recalc-dims=\"1\" \/><figcaption>PODIO SUPER CAMPEONES<\/figcaption><\/figure>\n<p><strong>SUPER CAMPEONES<\/strong>\u00a0 &#8211; Muchas peleas en esta manga, donde Jorge Prado (Red Bull KTM Factory Racing) gan\u00f3 el EICMA Hole-Shot y la &#8220;Mejor vuelta &#8211; 24MX&#8221;, quien trat\u00f3 de estirar la ventaja con sus oponentes, liderado por Romain Febvre (Monster Energy Kawasaki Racing Team), seguido de Glenn Coldenhoff (Monster Energy Yamaha Factory MXGP), Nicholas Lapucci (Fantic Factory Team Maddii) y Thomas Olsen (Rockstar Energy Husqvarna Factory Racing).<\/p>\n<p>Lapucci no pudo seguir el ritmo de los l\u00edderes, perdiendo algunas posiciones, mientras que Olsen se recuper\u00f3 y se acerc\u00f3 a la punta.<\/p>\n<p>A unos 5 minutos del final, el l\u00edder espa\u00f1ol de KTM Prado volvi\u00f3 a los boxes abandonando la carrera y dejando as\u00ed el mando a la francesa Kawasaki Febvre.<\/p>\n<p>Detr\u00e1s del ganador terminaron Olsen, Coldenhoff, Van Horebeek (SDM Corse Beta MX) y el primero de los italianos Ivo Monticelli (One Two Eight-Kawasaki).<\/p>\n<figure class=\"wp-block-image size-large\"><img decoding=\"async\" class=\"wp-image-8309 aligncenter\" src=\"https:\/\/i2.wp.com\/mxbars.net\/wp-content\/uploads\/2021\/02\/Int_Mx_Riola-4713-1200x800-940x627.jpg?resize=632%2C421&amp;ssl=1\" sizes=\"(max-width: 1200px) 100vw, 1200px\" srcset=\"https:\/\/i2.wp.com\/mxbars.net\/wp-content\/uploads\/2021\/02\/Int_Mx_Riola-4713-1200x800-940x627.jpg?resize=632%2C421&amp;ssl=1 1200w, https:\/\/mxbars.net\/wp-content\/uploads\/2021\/02\/Int_Mx_Riola-4713-600x400.jpg 600w, https:\/\/mxbars.net\/wp-content\/uploads\/2021\/02\/Int_Mx_Riola-4713-768x512.jpg 768w, https:\/\/mxbars.net\/wp-content\/uploads\/2021\/02\/Int_Mx_Riola-4713-1536x1024-940x627.jpg 1536w, https:\/\/mxbars.net\/wp-content\/uploads\/2021\/02\/Int_Mx_Riola-4713-510x340.jpg 510w, https:\/\/mxbars.net\/wp-content\/uploads\/2021\/02\/Int_Mx_Riola-4713-940x626.jpg 1772w\" alt=\"\" width=\"632\" height=\"421\" data-recalc-dims=\"1\" \/><figcaption>GANADOR MX1 &#8211; JORGE PRADO<\/figcaption><\/figure>\n<p><strong>MX1<\/strong>\u00a0\u00a0&#8211; Jorge Prado (Red Bull KTM Factory Racing) domin\u00f3 esta manga de MX1, tomando la delantera al ganar el EICMA Hole-Shot y separ\u00e1ndose sobre todos los rivales liderados por Romain Febvre (Monster Energy Kawasaki Racing Team).\u00a0El piloto franc\u00e9s de Yamaha se golpe\u00f3 a unos 10 minutos del final, terminando en sexto lugar, luego de marcar el mejor tiempo de vuelta y ganar as\u00ed el premio \u201cMejor Vuelta &#8211; 24MX\u201d.<\/p>\n<p>Tercero en las primeras etapas de la carrera, Alessandro Lupino (MRT Racing Team KTM), que luch\u00f3 con Glenn Coldenhoff (Monster Energy Yamaha Factory MXGP) y Thomas Olsen (Rockstar Energy Husqvarna Factory Racing).<\/p>\n<p>Coldenhoff dio su m\u00e1ximo y ocup\u00f3 el segundo lugar, seguido por Olsen y Jeremy Van Horebeek (SDM Corse Beta MX).<\/p>\n<figure class=\"wp-block-image size-large\"><img decoding=\"async\" class=\"wp-image-8310 aligncenter\" src=\"https:\/\/i1.wp.com\/mxbars.net\/wp-content\/uploads\/2021\/02\/Gerts-1200x800-940x627.jpg?resize=623%2C415&amp;ssl=1\" sizes=\"(max-width: 1200px) 100vw, 1200px\" srcset=\"https:\/\/i1.wp.com\/mxbars.net\/wp-content\/uploads\/2021\/02\/Gerts-1200x800-940x627.jpg?resize=623%2C415&amp;ssl=1 1200w, https:\/\/mxbars.net\/wp-content\/uploads\/2021\/02\/Gerts-600x400.jpg 600w, https:\/\/mxbars.net\/wp-content\/uploads\/2021\/02\/Gerts-768x512.jpg 768w, https:\/\/mxbars.net\/wp-content\/uploads\/2021\/02\/Gerts-1536x1024-940x627.jpg 1536w, https:\/\/mxbars.net\/wp-content\/uploads\/2021\/02\/Gerts-510x340.jpg 510w, https:\/\/mxbars.net\/wp-content\/uploads\/2021\/02\/Gerts-940x626.jpg 1772w\" alt=\"\" width=\"623\" height=\"415\" data-recalc-dims=\"1\" \/><figcaption>GANADOR MX2 &#8211; JAGO GEERTS<\/figcaption><\/figure>\n<p><strong>MX2<\/strong>\u00a0\u00a0&#8211; Carrera muy re\u00f1ida desde el principio en MX2, con Nicolas Lapucci (Fantic Factory Team Maddii) escap\u00e1ndose muy r\u00e1pido, ganando el EICMA Hole-Shot, seguido por Mattia Guadagnini (Red Bull KTM Factory Racing) y el belga Jago Geerts (Monster Energy Yamaha Factory MX2).<\/p>\n<p>Los primeros giros fueron re\u00f1idos y mientras Guadagnini intentaba superar al l\u00edder alarg\u00f3 una frenada al final de la recta junto al pit lane y antes de la curva que llevaba a meta perdi\u00f3 el control de su KTM y se golpe\u00f3, levant\u00e1ndose en el quinto lugar.\u00a0Durante la carrera logr\u00f3 recuperar varias posiciones antes de volver a caerse, pero su excelente ritmo de carrera le vali\u00f3 el premio \u201cMejor Vuelta &#8211; 24MX\u201d.<\/p>\n<p>Hacia el final de la carrera Geert, tambi\u00e9n aprovechando las circunstancias, adelanta a Lapucci y se escapa hasta la bandera a cuadros.<\/p>\n<p>Tercero concluye el sueco Tim Edberg (Yamaha), seguido del desafortunado Mattia Guadagnini.<\/p>\n<figure class=\"wp-block-image size-large\"><img loading=\"lazy\" decoding=\"async\" class=\"wp-image-8311 aligncenter\" src=\"https:\/\/i1.wp.com\/mxbars.net\/wp-content\/uploads\/2021\/02\/Hosteragen-1200x800-940x627.jpg?resize=627%2C418&amp;ssl=1\" sizes=\"(max-width: 1200px) 100vw, 1200px\" srcset=\"https:\/\/i1.wp.com\/mxbars.net\/wp-content\/uploads\/2021\/02\/Hosteragen-1200x800-940x627.jpg?resize=627%2C418&amp;ssl=1 1200w, https:\/\/mxbars.net\/wp-content\/uploads\/2021\/02\/Hosteragen-600x400.jpg 600w, https:\/\/mxbars.net\/wp-content\/uploads\/2021\/02\/Hosteragen-768x512.jpg 768w, https:\/\/mxbars.net\/wp-content\/uploads\/2021\/02\/Hosteragen-1536x1024-940x627.jpg 1536w, https:\/\/mxbars.net\/wp-content\/uploads\/2021\/02\/Hosteragen-510x340.jpg 510w, https:\/\/mxbars.net\/wp-content\/uploads\/2021\/02\/Hosteragen-940x626.jpg 1772w\" alt=\"\" width=\"627\" height=\"418\" data-recalc-dims=\"1\" \/><figcaption>GANADOR CL 125 &#8211; HAKON OSTERHAGEN<\/figcaption><\/figure>\n<p><strong>125<\/strong>\u00a0\u00a0&#8211; Competiciones extremadamente re\u00f1idas donde los j\u00f3venes han demostrado ser feroces y con muchas ganas de ganar.<\/p>\n<p>Carrera uno y carrera dos podios sin cambios con Hakon Osterhagen (Fantic Factory Team Maddii), Valerio Lata (MRT Racing Team KTM) y Andrea Rossi (Mxone KTM).<\/p>\n<p>En la carrera uno, el noruego de Fantic tom\u00f3 la delantera y gan\u00f3, pero en la carrera dos tuvo que luchar, a pesar de la mejor vuelta (como en la carrera 1) con la \u201cMejor vuelta &#8211; 24MX\u201d.\u00a0Encabezando la segunda manga al ganar el EICMA Hole-Shot estaba Valerio Lata, que fue superado a los pocos metros por Andrea Rossi.\u00a0Los dos italianos tuvieron un gran duelo, pero a unos 8 minutos del final Rossi fue superado por Osterhagen y el italiano cay\u00f3 inmediatamente en una curva, en ventaja de Lata.\u00a0Rossi se levant\u00f3 pero termin\u00f3 en el \u00faltimo escal\u00f3n del podio.<\/p>\n<p>La primera fecha del Internazionali d&#8217;Italia MX EICMA Series 2021 finaliza de la mejor manera, a pesar de las dificultades de la pandemia que azota al mundo entero.\u00a0Un buen mensaje de esperanza para la reanudaci\u00f3n de todos los eventos deportivos nacionales e internacionales.<\/p>\n<p>Pr\u00f3xima cita de nuevo en Cerde\u00f1a para el 7 de marzo en Alghero.<\/p>\n<p>&nbsp;<\/p>\n<p>SUSCRIBITE A CROSSPRENSA, PARA TENER TODA LA INFORMACI\u00d3N AL INSTANTE EN TU CELULAR: Notas, fotos, videos, Newsletter, Crossprensa Radio y MUCHO MAS! Click en la im\u00e1gen de abajo y nos habl\u00e1s a nuestro whatsapp&#8230; O te lo vas a perder?<\/p>\n<p><a href=\"https:\/\/wa.link\/29zpyp\"><img loading=\"lazy\" decoding=\"async\" class=\"alignnone wp-image-50243 size-full\" src=\"http:\/\/www.crossprensa.com.ar\/news\/wp-content\/uploads\/2021\/01\/Sin-t\u00edtulo-1-1.jpg\" alt=\"\" width=\"1595\" height=\"175\" \/><\/a><\/p>\n<p>NOTA: CLASIFICACIONES V\u00c1LIDAS COMO CAMPEONATO POR SER LA PRIMERA FECHA.<\/p>\n<p><a href=\"https:\/\/www.instagram.com\/dunlopmotosargentina\/?hl=en\"><img loading=\"lazy\" decoding=\"async\" class=\"alignnone wp-image-50374 size-full\" src=\"http:\/\/www.crossprensa.com.ar\/news\/wp-content\/uploads\/2021\/01\/Sin-t\u00edtulo-2-1.jpg\" alt=\"\" width=\"1200\" height=\"100\" \/><\/a><\/p>\n<h3>RESULTADOS MX2<\/h3>\n<p><img decoding=\"async\" src=\"https:\/\/i0.wp.com\/www.mxbars.net\/wp-content\/uploads\/2021\/02\/Schermata-2021-02-28-alle-14.16.28.png?resize=904%2C1001&amp;ssl=1\" \/><\/p>\n<h3><a href=\"https:\/\/www.instagram.com\/g.e.m.racing\/?hl=en\"><img loading=\"lazy\" decoding=\"async\" class=\"alignnone wp-image-50281 size-full\" src=\"http:\/\/www.crossprensa.com.ar\/news\/wp-content\/uploads\/2021\/01\/Sin-t\u00edtulo-7049.jpg\" alt=\"\" width=\"1600\" height=\"182\" \/><\/a><\/h3>\n<h3>RESULTADOS MX1<\/h3>\n<p><img decoding=\"async\" src=\"https:\/\/i2.wp.com\/www.mxbars.net\/wp-content\/uploads\/2021\/02\/Schermata-2021-02-28-alle-14.59.03.png?resize=930%2C633&amp;ssl=1\" \/><\/p>\n<h3><a href=\"https:\/\/www.instagram.com\/lcmcovers\/?hl=en\"><img loading=\"lazy\" decoding=\"async\" class=\"alignnone wp-image-50241 size-full\" src=\"http:\/\/www.crossprensa.com.ar\/news\/wp-content\/uploads\/2021\/01\/Sin-t\u00edtulo-5.jpg\" alt=\"\" width=\"1594\" height=\"174\" \/><\/a><\/h3>\n<h3>FINAL SUPERCAMPEONES<\/h3>\n<p><img decoding=\"async\" src=\"https:\/\/i0.wp.com\/www.mxbars.net\/wp-content\/uploads\/2021\/02\/Schermata-2021-02-28-alle-16.35.50.png?resize=908%2C984&amp;ssl=1\" \/><\/p>\n","protected":false},"excerpt":{"rendered":"<p>Comenz\u00f3 el movimiento europeo para los grandes pilotos, y sin dudas que Riola Sardo tuvo&#8230;<\/p>\n","protected":false},"author":2,"featured_media":0,"comment_status":"open","ping_status":"open","sticky":false,"template":"","format":"standard","meta":{"om_disable_all_campaigns":false,"_monsterinsights_skip_tracking":false,"_monsterinsights_sitenote_active":false,"_monsterinsights_sitenote_note":"","_monsterinsights_sitenote_category":0,"_uf_show_specific_survey":0,"_uf_disable_surveys":false,"footnotes":""},"categories":[38,55],"tags":[],"class_list":["post-50877","post","type-post","status-publish","format-standard","hentry","category-hot-news","category-mx-internacional"],"aioseo_notices":[],"_links":{"self":[{"href":"http:\/\/www.crossprensa.com.ar\/news\/wp-json\/wp\/v2\/posts\/50877","targetHints":{"allow":["GET"]}}],"collection":[{"href":"http:\/\/www.crossprensa.com.ar\/news\/wp-json\/wp\/v2\/posts"}],"about":[{"href":"http:\/\/www.crossprensa.com.ar\/news\/wp-json\/wp\/v2\/types\/post"}],"author":[{"embeddable":true,"href":"http:\/\/www.crossprensa.com.ar\/news\/wp-json\/wp\/v2\/users\/2"}],"replies":[{"embeddable":true,"href":"http:\/\/www.crossprensa.com.ar\/news\/wp-json\/wp\/v2\/comments?post=50877"}],"version-history":[{"count":3,"href":"http:\/\/www.crossprensa.com.ar\/news\/wp-json\/wp\/v2\/posts\/50877\/revisions"}],"predecessor-version":[{"id":50881,"href":"http:\/\/www.crossprensa.com.ar\/news\/wp-json\/wp\/v2\/posts\/50877\/revisions\/50881"}],"wp:attachment":[{"href":"http:\/\/www.crossprensa.com.ar\/news\/wp-json\/wp\/v2\/media?parent=50877"}],"wp:term":[{"taxonomy":"category","embeddable":true,"href":"http:\/\/www.crossprensa.com.ar\/news\/wp-json\/wp\/v2\/categories?post=50877"},{"taxonomy":"post_tag","embeddable":true,"href":"http:\/\/www.crossprensa.com.ar\/news\/wp-json\/wp\/v2\/tags?post=50877"}],"curies":[{"name":"wp","href":"https:\/\/api.w.org\/{rel}","templated":true}]}}