{"id":50861,"date":"2021-02-28T08:19:22","date_gmt":"2021-02-28T11:19:22","guid":{"rendered":"http:\/\/www.crossprensa.com.ar\/news\/?p=50861"},"modified":"2021-02-28T08:19:22","modified_gmt":"2021-02-28T11:19:22","slug":"mx-internacional-de-italiaclasificaciones","status":"publish","type":"post","link":"http:\/\/www.crossprensa.com.ar\/news\/mx-internacional-de-italiaclasificaciones\/hot-news\/","title":{"rendered":"MX INTERNACIONAL DE ITALIA,CLASIFICACIONES!"},"content":{"rendered":"<p>Prado muestra las garras desde temprano en Riola Sardo, metiendo un tiempazo pero con Febvr\u00e9 pegado, el resto de la categor\u00eda est\u00e1 a mas de 2 segundos! enorme diferencia. Maxime Renaux en MX2, sorprende y pega fuerte!<\/p>\n<p>Aqu\u00ed todos los tiempos de las tres categor\u00edas.<\/p>\n<p><!--more--><\/p>\n<p><a href=\"https:\/\/www.instagram.com\/mdcalcos\/?hl=en\"><img fetchpriority=\"high\" decoding=\"async\" class=\"alignnone wp-image-50538 size-full\" src=\"http:\/\/www.crossprensa.com.ar\/news\/wp-content\/uploads\/2021\/02\/Sin-t\u00edtulo-7052.jpg\" alt=\"\" width=\"1601\" height=\"183\" \/><\/a><\/p>\n<h3>125<\/h3>\n<p><img decoding=\"async\" src=\"https:\/\/i0.wp.com\/www.mxbars.net\/wp-content\/uploads\/2021\/02\/Schermata-2021-02-28-alle-10.06.54.png?resize=897%2C890&amp;ssl=1\" \/><\/p>\n<p><a href=\"https:\/\/www.instagram.com\/ukkomotoparts\/?hl=en\"><img decoding=\"async\" class=\"alignnone wp-image-50370 size-full\" src=\"http:\/\/www.crossprensa.com.ar\/news\/wp-content\/uploads\/2021\/01\/Sin-t\u00edtulo-7050.jpg\" alt=\"\" width=\"1189\" height=\"102\" \/><\/a><\/p>\n<p><iframe style=\"border: none; overflow: hidden;\" src=\"https:\/\/www.facebook.com\/plugins\/video.php?height=314&amp;href=https%3A%2F%2Fwww.facebook.com%2Foffroadproracing%2Fvideos%2F883303049126881%2F&amp;show_text=false&amp;width=560\" width=\"560\" height=\"314\" frameborder=\"0\" scrolling=\"no\" allowfullscreen=\"allowfullscreen\"><\/iframe><\/p>\n<h3><a href=\"https:\/\/www.instagram.com\/honda.repuestos\/?hl=en\"><img decoding=\"async\" class=\"alignnone wp-image-50539 size-full\" src=\"http:\/\/www.crossprensa.com.ar\/news\/wp-content\/uploads\/2021\/02\/Sin-t\u00edtulo-7051.jpg\" alt=\"\" width=\"1595\" height=\"174\" \/><\/a><\/h3>\n<h3>MX2<\/h3>\n<p><img decoding=\"async\" src=\"https:\/\/i2.wp.com\/www.mxbars.net\/wp-content\/uploads\/2021\/02\/Schermata-2021-02-28-alle-10.46.55.png?resize=898%2C960&amp;ssl=1\" \/><\/p>\n<h3><a href=\"https:\/\/www.instagram.com\/foxracingargentina\/?hl=en\"><img loading=\"lazy\" decoding=\"async\" class=\"alignnone wp-image-50326 size-full\" src=\"http:\/\/www.crossprensa.com.ar\/news\/wp-content\/uploads\/2021\/01\/Sin-t\u00edtulo-7048.jpg\" alt=\"\" width=\"1200\" height=\"100\" \/><\/a><\/h3>\n<h3>MX1<\/h3>\n<p><img decoding=\"async\" src=\"https:\/\/i1.wp.com\/www.mxbars.net\/wp-content\/uploads\/2021\/02\/Schermata-2021-02-28-alle-11.21.41.png?resize=903%2C601&amp;ssl=1\" \/><\/p>\n","protected":false},"excerpt":{"rendered":"<p>Prado muestra las garras desde temprano en Riola Sardo, metiendo un tiempazo pero con Febvr\u00e9&#8230;<\/p>\n","protected":false},"author":2,"featured_media":50862,"comment_status":"open","ping_status":"open","sticky":false,"template":"","format":"standard","meta":{"om_disable_all_campaigns":false,"_monsterinsights_skip_tracking":false,"_monsterinsights_sitenote_active":false,"_monsterinsights_sitenote_note":"","_monsterinsights_sitenote_category":0,"_uf_show_specific_survey":0,"_uf_disable_surveys":false,"footnotes":""},"categories":[38,55],"tags":[],"class_list":["post-50861","post","type-post","status-publish","format-standard","has-post-thumbnail","hentry","category-hot-news","category-mx-internacional"],"aioseo_notices":[],"_links":{"self":[{"href":"http:\/\/www.crossprensa.com.ar\/news\/wp-json\/wp\/v2\/posts\/50861","targetHints":{"allow":["GET"]}}],"collection":[{"href":"http:\/\/www.crossprensa.com.ar\/news\/wp-json\/wp\/v2\/posts"}],"about":[{"href":"http:\/\/www.crossprensa.com.ar\/news\/wp-json\/wp\/v2\/types\/post"}],"author":[{"embeddable":true,"href":"http:\/\/www.crossprensa.com.ar\/news\/wp-json\/wp\/v2\/users\/2"}],"replies":[{"embeddable":true,"href":"http:\/\/www.crossprensa.com.ar\/news\/wp-json\/wp\/v2\/comments?post=50861"}],"version-history":[{"count":1,"href":"http:\/\/www.crossprensa.com.ar\/news\/wp-json\/wp\/v2\/posts\/50861\/revisions"}],"predecessor-version":[{"id":50863,"href":"http:\/\/www.crossprensa.com.ar\/news\/wp-json\/wp\/v2\/posts\/50861\/revisions\/50863"}],"wp:featuredmedia":[{"embeddable":true,"href":"http:\/\/www.crossprensa.com.ar\/news\/wp-json\/wp\/v2\/media\/50862"}],"wp:attachment":[{"href":"http:\/\/www.crossprensa.com.ar\/news\/wp-json\/wp\/v2\/media?parent=50861"}],"wp:term":[{"taxonomy":"category","embeddable":true,"href":"http:\/\/www.crossprensa.com.ar\/news\/wp-json\/wp\/v2\/categories?post=50861"},{"taxonomy":"post_tag","embeddable":true,"href":"http:\/\/www.crossprensa.com.ar\/news\/wp-json\/wp\/v2\/tags?post=50861"}],"curies":[{"name":"wp","href":"https:\/\/api.w.org\/{rel}","templated":true}]}}