{"id":50740,"date":"2021-02-20T12:10:45","date_gmt":"2021-02-20T15:10:45","guid":{"rendered":"http:\/\/www.crossprensa.com.ar\/news\/?p=50740"},"modified":"2021-02-20T12:10:45","modified_gmt":"2021-02-20T15:10:45","slug":"justin-brayton-no-larga-en-orlando-2","status":"publish","type":"post","link":"http:\/\/www.crossprensa.com.ar\/news\/justin-brayton-no-larga-en-orlando-2\/ama-supercross\/","title":{"rendered":"JUSTIN BRAYTON NO LARGA EN ORLANDO 2."},"content":{"rendered":"<p>Desafortunadamente, no estar\u00e1 en la largada para la carrera de Orlando 2 esta noche.\u00a0Tuvo un accidente mientras practicaba el martes y tomo la decisi\u00f3n de no correr hoy. Las causas te las contamos en la nota.<\/p>\n<p><!--more--><\/p>\n<p>Aunque nada est\u00e1 roto y no tiene lesiones graves, se golpe\u00f3 el pecho muy fuerte y simplemente no puede por el dolor, mantener todo el movimiento de empujar y tirar que hacen durante m\u00e1s de 20 minutos durante la carrera. fue\u00a0optimista toda la semana, pero decidi\u00f3 que es mejor darle un poco de tiempo para descansar la lesi\u00f3n, y saben que recomend\u00f3 en su cuenta de instagram? que USEN PECHERA! era hora que se den cuenta que sirve, no?<\/p>\n<p><em><strong>Si quer\u00e9s recibir toda la informaci\u00f3n al instante en tu celular, adem\u00e1s del Newsletter, Crossprensa Radio, links de carreras en vivo y mucho m\u00e1s, SUSCRIBITE A NUESTRA WEB! Click en la imagen y nos habl\u00e1s a nuestro whatsapp! O te lo vas a perder?<\/strong><\/em><\/p>\n<p><a href=\"https:\/\/wa.link\/rbas05\"><img fetchpriority=\"high\" decoding=\"async\" class=\"alignnone wp-image-50243 size-full\" src=\"http:\/\/www.crossprensa.com.ar\/news\/wp-content\/uploads\/2021\/01\/Sin-t\u00edtulo-1-1.jpg\" alt=\"\" width=\"1595\" height=\"175\" \/><\/a><\/p>\n","protected":false},"excerpt":{"rendered":"<p>Desafortunadamente, no estar\u00e1 en la largada para la carrera de Orlando 2 esta noche.\u00a0Tuvo un&#8230;<\/p>\n","protected":false},"author":2,"featured_media":0,"comment_status":"open","ping_status":"open","sticky":false,"template":"","format":"standard","meta":{"om_disable_all_campaigns":false,"_monsterinsights_skip_tracking":false,"_monsterinsights_sitenote_active":false,"_monsterinsights_sitenote_note":"","_monsterinsights_sitenote_category":0,"_uf_show_specific_survey":0,"_uf_disable_surveys":false,"footnotes":""},"categories":[30,38],"tags":[],"class_list":["post-50740","post","type-post","status-publish","format-standard","hentry","category-ama-supercross","category-hot-news"],"aioseo_notices":[],"_links":{"self":[{"href":"http:\/\/www.crossprensa.com.ar\/news\/wp-json\/wp\/v2\/posts\/50740","targetHints":{"allow":["GET"]}}],"collection":[{"href":"http:\/\/www.crossprensa.com.ar\/news\/wp-json\/wp\/v2\/posts"}],"about":[{"href":"http:\/\/www.crossprensa.com.ar\/news\/wp-json\/wp\/v2\/types\/post"}],"author":[{"embeddable":true,"href":"http:\/\/www.crossprensa.com.ar\/news\/wp-json\/wp\/v2\/users\/2"}],"replies":[{"embeddable":true,"href":"http:\/\/www.crossprensa.com.ar\/news\/wp-json\/wp\/v2\/comments?post=50740"}],"version-history":[{"count":2,"href":"http:\/\/www.crossprensa.com.ar\/news\/wp-json\/wp\/v2\/posts\/50740\/revisions"}],"predecessor-version":[{"id":50743,"href":"http:\/\/www.crossprensa.com.ar\/news\/wp-json\/wp\/v2\/posts\/50740\/revisions\/50743"}],"wp:attachment":[{"href":"http:\/\/www.crossprensa.com.ar\/news\/wp-json\/wp\/v2\/media?parent=50740"}],"wp:term":[{"taxonomy":"category","embeddable":true,"href":"http:\/\/www.crossprensa.com.ar\/news\/wp-json\/wp\/v2\/categories?post=50740"},{"taxonomy":"post_tag","embeddable":true,"href":"http:\/\/www.crossprensa.com.ar\/news\/wp-json\/wp\/v2\/tags?post=50740"}],"curies":[{"name":"wp","href":"https:\/\/api.w.org\/{rel}","templated":true}]}}