{"id":50722,"date":"2021-02-18T10:39:12","date_gmt":"2021-02-18T13:39:12","guid":{"rendered":"http:\/\/www.crossprensa.com.ar\/news\/?p=50722"},"modified":"2021-02-18T10:39:33","modified_gmt":"2021-02-18T13:39:33","slug":"tim-gajser-se-perdera-el-campeonato-internazionali-ditalia-de-motocross-2021","status":"publish","type":"post","link":"http:\/\/www.crossprensa.com.ar\/news\/tim-gajser-se-perdera-el-campeonato-internazionali-ditalia-de-motocross-2021\/hot-news\/","title":{"rendered":"Tim Gajser se perder\u00e1 el Campeonato Internazionali d&#8217;Italia de Motocross 2021"},"content":{"rendered":"<p>Tim Gajser se perder\u00e1 el Campeonato Internazionali d&#8217;Italia de Motocross 2021 despu\u00e9s del retraso anunciado para el inicio de la temporada 2021 MXGP.<\/p>\n<p>La serie internacional italiana de motocross est\u00e1 programada para comenzar el 28 de febrero y el campeonato de tres fechas es el lugar preferido para el equipo HRC y Tim Gajser mientras se preparan para una dura temporada de MXGP, y poder medirse.<\/p>\n<p><!--more--><\/p>\n<p>Gajser es el campe\u00f3n reinante y su compa\u00f1ero de equipo, Mitch Evans, fue subcampe\u00f3n el a\u00f1o pasado.<\/p>\n<p>En declaraciones a sus m\u00e1s de 100.000 seguidores en Facebook, Gajser dijo: \u201cDebido al retraso de la temporada de MXGP, hemos decidido no participar en las carreras regulares de pretemporada en Italia.\u00a0Seguiremos entrenando duro como de costumbre y esperaremos un poco m\u00e1s cerca de la primera fecha para empezar a correr de nuevo \u201d.<\/p>\n<p>Con un comienzo y final m\u00e1s tard\u00edo, y sin reducci\u00f3n en el n\u00famero de carreras para el Campeonato del Mundo de Motocross 2021, los equipos y pilotos se enfrentan ahora a un cambio en la preparaci\u00f3n de la temporada.\u00a0Entrenar muy duro durante mucho tiempo antes de que comience la temporada y los pilotos bien preparados se enfrentar\u00e1n al agotamiento y la posibilidad de lesiones.<\/p>\n<p>Con Gajser (y probablemente Evans tambi\u00e9n) diciendo no al Internazionali d&#8217;Italia, abre la posibilidad de que Lacapelle Marival, que recientemente cambi\u00f3 su fecha al 25 de abril, sea la carrera elegida para asegurar su participaci\u00f3n.<\/p>\n","protected":false},"excerpt":{"rendered":"<p>Tim Gajser se perder\u00e1 el Campeonato Internazionali d&#8217;Italia de Motocross 2021 despu\u00e9s del retraso anunciado&#8230;<\/p>\n","protected":false},"author":2,"featured_media":50723,"comment_status":"open","ping_status":"open","sticky":false,"template":"","format":"standard","meta":{"om_disable_all_campaigns":false,"_monsterinsights_skip_tracking":false,"_monsterinsights_sitenote_active":false,"_monsterinsights_sitenote_note":"","_monsterinsights_sitenote_category":0,"_uf_show_specific_survey":0,"_uf_disable_surveys":false,"footnotes":""},"categories":[38,91],"tags":[],"class_list":["post-50722","post","type-post","status-publish","format-standard","has-post-thumbnail","hentry","category-hot-news","category-motocross-italiano"],"aioseo_notices":[],"_links":{"self":[{"href":"http:\/\/www.crossprensa.com.ar\/news\/wp-json\/wp\/v2\/posts\/50722","targetHints":{"allow":["GET"]}}],"collection":[{"href":"http:\/\/www.crossprensa.com.ar\/news\/wp-json\/wp\/v2\/posts"}],"about":[{"href":"http:\/\/www.crossprensa.com.ar\/news\/wp-json\/wp\/v2\/types\/post"}],"author":[{"embeddable":true,"href":"http:\/\/www.crossprensa.com.ar\/news\/wp-json\/wp\/v2\/users\/2"}],"replies":[{"embeddable":true,"href":"http:\/\/www.crossprensa.com.ar\/news\/wp-json\/wp\/v2\/comments?post=50722"}],"version-history":[{"count":2,"href":"http:\/\/www.crossprensa.com.ar\/news\/wp-json\/wp\/v2\/posts\/50722\/revisions"}],"predecessor-version":[{"id":50725,"href":"http:\/\/www.crossprensa.com.ar\/news\/wp-json\/wp\/v2\/posts\/50722\/revisions\/50725"}],"wp:featuredmedia":[{"embeddable":true,"href":"http:\/\/www.crossprensa.com.ar\/news\/wp-json\/wp\/v2\/media\/50723"}],"wp:attachment":[{"href":"http:\/\/www.crossprensa.com.ar\/news\/wp-json\/wp\/v2\/media?parent=50722"}],"wp:term":[{"taxonomy":"category","embeddable":true,"href":"http:\/\/www.crossprensa.com.ar\/news\/wp-json\/wp\/v2\/categories?post=50722"},{"taxonomy":"post_tag","embeddable":true,"href":"http:\/\/www.crossprensa.com.ar\/news\/wp-json\/wp\/v2\/tags?post=50722"}],"curies":[{"name":"wp","href":"https:\/\/api.w.org\/{rel}","templated":true}]}}