{"id":50719,"date":"2021-02-18T09:06:05","date_gmt":"2021-02-18T12:06:05","guid":{"rendered":"http:\/\/www.crossprensa.com.ar\/news\/?p=50719"},"modified":"2021-02-18T09:06:05","modified_gmt":"2021-02-18T12:06:05","slug":"ama-sx-hardy-munoz-que-paso-corre-o-no-corre","status":"publish","type":"post","link":"http:\/\/www.crossprensa.com.ar\/news\/ama-sx-hardy-munoz-que-paso-corre-o-no-corre\/ama-supercross\/","title":{"rendered":"AMA SX: HARDY MU\u00d1OZ, que pas\u00f3? corre o no corre?"},"content":{"rendered":"<p>Cuando publicamos la lista de inscriptos para Orlando 2 con el comienzo de la temporada 2021 para la 250 Costa Oeste, r\u00e1pidamente le\u00edmos los pilotos que figuraban.<\/p>\n<p>Repasamos la lista, volvimos a leer, y Hardy Mu\u00f1oz NO ESTABA! pero si va a correr! que pas\u00f3? te lo contamos en la nota.<\/p>\n<p><!--more--><\/p>\n<p>Autom\u00e1ticamente nuestra primera acci\u00f3n fue tomar contacto con el piloto para saber que pasaba&#8230; se hab\u00eda anunciado mucho su presencia en el AMA SX este a\u00f1o y nos llen\u00f3 a todos de entusiasmo. Por eso le preguntamos a Hardy que hab\u00eda sucedido y esto nos dijo:<\/p>\n<p><strong><em>&#8220;Hola amigo todo est\u00e1 listo reci\u00e9n confirmado. Faltaban algunos documentos pero ya est\u00e1 todo ok gracias a Dios Nos vemos este s\u00e1bado &#x1f64f; un abrazo grande!&#8221;<\/em><\/strong><\/p>\n<p>MENOS MAL! porque la preocupaci\u00f3n ya era grande. Hardy nos confirm\u00f3 su presencia este s\u00e1bado y ser\u00e1 transmisi\u00f3n y cobertura EN VIVO de Crossprensa! Se lo van a perder?<\/p>\n<p>Si quer\u00e9s recibir toda la informaci\u00f3n al instante en tu celular, adem\u00e1s del Newsletter, Crossprensa Radio, links de carreras en vivo y mucho m\u00e1s, SUSCRIBITE A NUESTRA WEB! Click en la imagen y nos habl\u00e1s a nuestro whatsapp! O te lo vas a perder?<\/p>\n<p><a href=\"https:\/\/wa.link\/rbas05\"><img fetchpriority=\"high\" decoding=\"async\" class=\"alignnone wp-image-50243 size-full\" src=\"http:\/\/www.crossprensa.com.ar\/news\/wp-content\/uploads\/2021\/01\/Sin-t\u00edtulo-1-1.jpg\" alt=\"\" width=\"1595\" height=\"175\" \/><\/a><\/p>\n","protected":false},"excerpt":{"rendered":"<p>Cuando publicamos la lista de inscriptos para Orlando 2 con el comienzo de la temporada&#8230;<\/p>\n","protected":false},"author":2,"featured_media":50720,"comment_status":"open","ping_status":"open","sticky":false,"template":"","format":"standard","meta":{"om_disable_all_campaigns":false,"_monsterinsights_skip_tracking":false,"_monsterinsights_sitenote_active":false,"_monsterinsights_sitenote_note":"","_monsterinsights_sitenote_category":0,"_uf_show_specific_survey":0,"_uf_disable_surveys":false,"footnotes":""},"categories":[30,38],"tags":[],"class_list":["post-50719","post","type-post","status-publish","format-standard","has-post-thumbnail","hentry","category-ama-supercross","category-hot-news"],"aioseo_notices":[],"_links":{"self":[{"href":"http:\/\/www.crossprensa.com.ar\/news\/wp-json\/wp\/v2\/posts\/50719","targetHints":{"allow":["GET"]}}],"collection":[{"href":"http:\/\/www.crossprensa.com.ar\/news\/wp-json\/wp\/v2\/posts"}],"about":[{"href":"http:\/\/www.crossprensa.com.ar\/news\/wp-json\/wp\/v2\/types\/post"}],"author":[{"embeddable":true,"href":"http:\/\/www.crossprensa.com.ar\/news\/wp-json\/wp\/v2\/users\/2"}],"replies":[{"embeddable":true,"href":"http:\/\/www.crossprensa.com.ar\/news\/wp-json\/wp\/v2\/comments?post=50719"}],"version-history":[{"count":1,"href":"http:\/\/www.crossprensa.com.ar\/news\/wp-json\/wp\/v2\/posts\/50719\/revisions"}],"predecessor-version":[{"id":50721,"href":"http:\/\/www.crossprensa.com.ar\/news\/wp-json\/wp\/v2\/posts\/50719\/revisions\/50721"}],"wp:featuredmedia":[{"embeddable":true,"href":"http:\/\/www.crossprensa.com.ar\/news\/wp-json\/wp\/v2\/media\/50720"}],"wp:attachment":[{"href":"http:\/\/www.crossprensa.com.ar\/news\/wp-json\/wp\/v2\/media?parent=50719"}],"wp:term":[{"taxonomy":"category","embeddable":true,"href":"http:\/\/www.crossprensa.com.ar\/news\/wp-json\/wp\/v2\/categories?post=50719"},{"taxonomy":"post_tag","embeddable":true,"href":"http:\/\/www.crossprensa.com.ar\/news\/wp-json\/wp\/v2\/tags?post=50719"}],"curies":[{"name":"wp","href":"https:\/\/api.w.org\/{rel}","templated":true}]}}