{"id":50700,"date":"2021-02-15T19:35:31","date_gmt":"2021-02-15T22:35:31","guid":{"rendered":"http:\/\/www.crossprensa.com.ar\/news\/?p=50700"},"modified":"2021-02-15T19:35:31","modified_gmt":"2021-02-15T22:35:31","slug":"ama-sx-el-sabado-comienza-la-250-costa-oeste","status":"publish","type":"post","link":"http:\/\/www.crossprensa.com.ar\/news\/ama-sx-el-sabado-comienza-la-250-costa-oeste\/ama-supercross\/","title":{"rendered":"AMA SX: EL S\u00c1BADO COMIENZA LA 250 COSTA OESTE!"},"content":{"rendered":"<p><em><strong>Si bien son solo dos pilotos quienes realmente pueden pelear el t\u00edtulo en la Costa Este, Colt Nichols y Christian Craig, nuestro enfoque ahora est\u00e1 en Orlando 2, el s\u00e1bado 20 de febrero con la octava fecha del campeonato marcar\u00e1 la apertura de la 250 Oeste, Categor\u00eda que tiene mucho \u00e9xito con m\u00e1s de 60 pilotos inscriptos en la primera carrera, y la lista a\u00fan est\u00e1 incompleta &#8230;<\/strong><\/em><\/p>\n<p><!--more--><\/p>\n<p><em><strong>Hagamos un repaso, porque estamos esperando a ver si Hunter Lawrence est\u00e1 listo para dar el golpe, como Jeremy Martin, Justin Cooper y otros, ciertamente una pelea entre hasta 5 corredores, pero ese no es necesariamente el caso. , el s\u00e1bado ya tendremos algunas ideas! Y en la lista a\u00fan falta Hardy Mu\u00f1oz&#8230;<\/strong><\/em><\/p>\n<p>Suscribite a Crossprensa, y tendr\u00e1s toda la informaci\u00f3n al instante en tu celular! te lo vas a perder? Click en la imagen y se conectan directamente a nuestro whatsapp<\/p>\n<p><a href=\"https:\/\/wa.link\/ee5zig\"><img fetchpriority=\"high\" decoding=\"async\" class=\"alignnone wp-image-50243 size-full\" src=\"http:\/\/www.crossprensa.com.ar\/news\/wp-content\/uploads\/2021\/01\/Sin-t\u00edtulo-1-1.jpg\" alt=\"\" width=\"1595\" height=\"175\" \/><\/a><\/p>\n<p><strong>Star Racing Yamaha:<br \/>\n<\/strong>Jeremy Martin<br \/>\nJustin Cooper<br \/>\nJarrett Frye<br \/>\nNate Thrasher<\/p>\n<p><strong>Kawasaki Pro Circuit:<\/strong><br \/>\nJordon Smith<br \/>\nCameron McAdoo<br \/>\nSeth Hammaker<\/p>\n<p><strong>Rockstar Energy Husqvarna:<br \/>\n<\/strong>Jalek Swoll<br \/>\nStilez Robertson<\/p>\n<p><strong>Honda HRC:<\/strong><br \/>\nHunter Lawrence<\/p>\n<p><strong>Troy Lee Designs Reb Bull GasGas:<br \/>\n<\/strong>Pierce Brown<\/p>\n<p><strong>BarX Suzuki:<br \/>\n<\/strong>Dilan Schwartz<br \/>\nDerek Drake (*)<br \/>\nSean Cantrell<\/p>\n<p><strong>ClubMx \/ CTR Motorsports:<\/strong><br \/>\nGarrett Marchbanks<br \/>\nJace Owen<br \/>\nJoey Crown<br \/>\nDominique Thury<\/p>\n<p><strong>MucOff Honda:<\/strong><br \/>\nMitchell Harrison<\/p>\n<p><strong>JMC Motorsports:<\/strong><br \/>\nCarson Brown<br \/>\nMartin Castelo<\/p>\n<p><strong>Manluk \/ Rock River \/ Merge Racing:<\/strong><br \/>\nAlex Martin (*)<\/p>\n<p><strong>GasGas AJE Motorsports Motul:<\/strong><br \/>\nChris Blose<br \/>\nMitchell Falk (*)<br \/>\nDerek Kelley<\/p>\n<p><strong>FXR\/Chaparral Honda Racing:<\/strong><br \/>\nCarson Mumford (*)<br \/>\nCoty Schock (*)<\/p>\n<p><strong>Phoenix Racing Honda:<\/strong><br \/>\nKyle Peters<br \/>\n<del>Enzo Lopes (OUT)<\/del><br \/>\n<del>Mason Gonzales (OUT)<\/del><\/p>\n<p><strong>PRMX\/Wossner\/Kawasaki:<\/strong><br \/>\nDakota Alix (*)<\/p>\n<p><strong>BWR Honda:<\/strong><br \/>\nBryson Gardner<\/p>\n<p><strong>SGB Racing\/Maxxis\/Babbitt\u2019s:<\/strong><br \/>\nJordan Jarvis (*)<\/p>\n<p><strong>Invictus Speed Crew:<\/strong><br \/>\nJake Masterpool<\/p>\n<p><strong>AEO Powersports:<\/strong><br \/>\nTy Masterpool<\/p>\n<p><strong>OTHERS:<br \/>\n<\/strong>Jerry Robin<br \/>\nChase Marquier<br \/>\nXylian Ramella<br \/>\nCheyenne Harmon<br \/>\nLogan Boyle<br \/>\nTodd Bannister<br \/>\nChris Howell<br \/>\nTodd Bannister<br \/>\nDavid Pulley<br \/>\nHunter Calle<br \/>\nCedric Soubeyras<br \/>\nKyle Greeson<br \/>\nLogan Leitzel<br \/>\nRamyller Alves<br \/>\nGarrett Hoffman<br \/>\nChance Blackburn<br \/>\nCorbin Hayes<br \/>\nWristin Grigg<br \/>\nMarc Gonzalez<br \/>\nBradley Lionnet<br \/>\nJared Lesher<br \/>\nChad Stonier<br \/>\nBlaine Silveira<br \/>\nBryton Carroll<br \/>\nGerhard Matamoros<br \/>\nAddison Emory<br \/>\nMarcus Phelps<br \/>\nMatthew Hubert<br \/>\nTristan Lane<br \/>\nMason Wharton<br \/>\nColton Eigenmann<br \/>\nRyan Surratt<\/p>\n","protected":false},"excerpt":{"rendered":"<p>Si bien son solo dos pilotos quienes realmente pueden pelear el t\u00edtulo en la Costa&#8230;<\/p>\n","protected":false},"author":2,"featured_media":0,"comment_status":"open","ping_status":"open","sticky":false,"template":"","format":"standard","meta":{"om_disable_all_campaigns":false,"_monsterinsights_skip_tracking":false,"_monsterinsights_sitenote_active":false,"_monsterinsights_sitenote_note":"","_monsterinsights_sitenote_category":0,"_uf_show_specific_survey":0,"_uf_disable_surveys":false,"footnotes":""},"categories":[30,38],"tags":[],"class_list":["post-50700","post","type-post","status-publish","format-standard","hentry","category-ama-supercross","category-hot-news"],"aioseo_notices":[],"_links":{"self":[{"href":"http:\/\/www.crossprensa.com.ar\/news\/wp-json\/wp\/v2\/posts\/50700","targetHints":{"allow":["GET"]}}],"collection":[{"href":"http:\/\/www.crossprensa.com.ar\/news\/wp-json\/wp\/v2\/posts"}],"about":[{"href":"http:\/\/www.crossprensa.com.ar\/news\/wp-json\/wp\/v2\/types\/post"}],"author":[{"embeddable":true,"href":"http:\/\/www.crossprensa.com.ar\/news\/wp-json\/wp\/v2\/users\/2"}],"replies":[{"embeddable":true,"href":"http:\/\/www.crossprensa.com.ar\/news\/wp-json\/wp\/v2\/comments?post=50700"}],"version-history":[{"count":1,"href":"http:\/\/www.crossprensa.com.ar\/news\/wp-json\/wp\/v2\/posts\/50700\/revisions"}],"predecessor-version":[{"id":50704,"href":"http:\/\/www.crossprensa.com.ar\/news\/wp-json\/wp\/v2\/posts\/50700\/revisions\/50704"}],"wp:attachment":[{"href":"http:\/\/www.crossprensa.com.ar\/news\/wp-json\/wp\/v2\/media?parent=50700"}],"wp:term":[{"taxonomy":"category","embeddable":true,"href":"http:\/\/www.crossprensa.com.ar\/news\/wp-json\/wp\/v2\/categories?post=50700"},{"taxonomy":"post_tag","embeddable":true,"href":"http:\/\/www.crossprensa.com.ar\/news\/wp-json\/wp\/v2\/tags?post=50700"}],"curies":[{"name":"wp","href":"https:\/\/api.w.org\/{rel}","templated":true}]}}