{"id":46549,"date":"2020-02-27T19:55:16","date_gmt":"2020-02-27T22:55:16","guid":{"rendered":"http:\/\/www.crossprensa.com.ar\/news\/?p=46549"},"modified":"2020-02-27T19:55:16","modified_gmt":"2020-02-27T22:55:16","slug":"mxgp-tixier-larga-en-el-mundial","status":"publish","type":"post","link":"http:\/\/www.crossprensa.com.ar\/news\/mxgp-tixier-larga-en-el-mundial\/mxgp\/","title":{"rendered":"MXGP: TIXIER LARGA EN EL MUNDIAL"},"content":{"rendered":"<p><span>Solo a un d\u00eda antes del comienzo del campeonato mundial MXGP en Matterley Basin, el equipo y el ex campe\u00f3n mundial Jordi Tixier anuncian la noticia.\u00a0<\/span><span>El franc\u00e9s competir\u00e1 en las fechas europeas del campeonato mundial y en el campeonato ADAC MX Masters para el equipo alem\u00e1n.<\/span><\/p>\n<p><!--more--><\/p>\n<p>Andre Sarholz:<span>\u00a0\u201cDespu\u00e9s de\u00a0enterarnos\u00a0de la decisi\u00f3n de dejar a Jordi a pie de su antiguo equipo, nos mantuvimos en contacto e intentamos hacer que el trato suceda.\u00a0Con el apoyo de nuestros patrocinadores y, sobre todo, KTM, encontramos una soluci\u00f3n.\u00a0Creemos en su fuerza y \u200b\u200besperamos una temporada exitosa en GP y ADAC.\u00a0&#8220;<\/span><\/p>\n<p>Jordi Tixier:<span>\u00a0\u201cHace tres semanas, me encontr\u00e9 sin viaje (no voy a comentar sobre este tema).\u00a0Pero no soy el tipo de persona que se rinde, tengo la suerte de tener una familia de apoyo y un equipo s\u00f3lido que cree y conf\u00eda en m\u00ed.\u00a0Sin m\u00e1s dilaci\u00f3n, volvimos a levantar la cabeza y pusimos a trabajar todo lo que tenemos que hacer para un puesto en la parrilla.\u00a0Agradezco al equipo de Sarholz que hizo todo lo posible para poder llevarme a bordo en 2020. El trabajo realizado durante las \u00faltimas 3 semanas es enorme.\u00a0Nada de esto ser\u00eda posible sin el apoyo de la f\u00e1brica de KTM Austria y la confianza de todos mis leales socios personales y socios deportivos &#8220;.<\/span><\/p>\n<p>https:\/\/www.instagram.com\/p\/B9FCq_UDel3\/<\/p>\n<h4><strong><span style=\"color: #ff0000;\">Nota: FERMIN GUTIERREZ<\/span><\/strong><\/h4>\n","protected":false},"excerpt":{"rendered":"<p>Solo a un d\u00eda antes del comienzo del campeonato mundial MXGP en Matterley Basin, el&#8230;<\/p>\n","protected":false},"author":2,"featured_media":46550,"comment_status":"open","ping_status":"open","sticky":false,"template":"","format":"standard","meta":{"om_disable_all_campaigns":false,"_monsterinsights_skip_tracking":false,"_monsterinsights_sitenote_active":false,"_monsterinsights_sitenote_note":"","_monsterinsights_sitenote_category":0,"_uf_show_specific_survey":0,"_uf_disable_surveys":false,"footnotes":""},"categories":[38,24],"tags":[],"class_list":["post-46549","post","type-post","status-publish","format-standard","has-post-thumbnail","hentry","category-hot-news","category-mxgp"],"aioseo_notices":[],"_links":{"self":[{"href":"http:\/\/www.crossprensa.com.ar\/news\/wp-json\/wp\/v2\/posts\/46549","targetHints":{"allow":["GET"]}}],"collection":[{"href":"http:\/\/www.crossprensa.com.ar\/news\/wp-json\/wp\/v2\/posts"}],"about":[{"href":"http:\/\/www.crossprensa.com.ar\/news\/wp-json\/wp\/v2\/types\/post"}],"author":[{"embeddable":true,"href":"http:\/\/www.crossprensa.com.ar\/news\/wp-json\/wp\/v2\/users\/2"}],"replies":[{"embeddable":true,"href":"http:\/\/www.crossprensa.com.ar\/news\/wp-json\/wp\/v2\/comments?post=46549"}],"version-history":[{"count":1,"href":"http:\/\/www.crossprensa.com.ar\/news\/wp-json\/wp\/v2\/posts\/46549\/revisions"}],"predecessor-version":[{"id":46551,"href":"http:\/\/www.crossprensa.com.ar\/news\/wp-json\/wp\/v2\/posts\/46549\/revisions\/46551"}],"wp:featuredmedia":[{"embeddable":true,"href":"http:\/\/www.crossprensa.com.ar\/news\/wp-json\/wp\/v2\/media\/46550"}],"wp:attachment":[{"href":"http:\/\/www.crossprensa.com.ar\/news\/wp-json\/wp\/v2\/media?parent=46549"}],"wp:term":[{"taxonomy":"category","embeddable":true,"href":"http:\/\/www.crossprensa.com.ar\/news\/wp-json\/wp\/v2\/categories?post=46549"},{"taxonomy":"post_tag","embeddable":true,"href":"http:\/\/www.crossprensa.com.ar\/news\/wp-json\/wp\/v2\/tags?post=46549"}],"curies":[{"name":"wp","href":"https:\/\/api.w.org\/{rel}","templated":true}]}}