{"id":46545,"date":"2020-02-26T19:24:50","date_gmt":"2020-02-26T22:24:50","guid":{"rendered":"http:\/\/www.crossprensa.com.ar\/news\/?p=46545"},"modified":"2020-02-26T19:24:50","modified_gmt":"2020-02-26T22:24:50","slug":"primicia-prado-confirma-su-participacion-el-fin-de-semana-video","status":"publish","type":"post","link":"http:\/\/www.crossprensa.com.ar\/news\/primicia-prado-confirma-su-participacion-el-fin-de-semana-video\/mxgp\/","title":{"rendered":"PRIMICIA: PRADO CONFIRMA SU PARTICIPACI\u00d3N EL FIN DE SEMANA! VIDEO!!!"},"content":{"rendered":"<p>Jorge Prado acaba de anunciar que\u00a0correr\u00e1\u00a0la primera ronda del\u00a0\u00a0FIM 2020\u00a0en Matterley Basin este fin de semana.\u00a0Prado anunci\u00f3 la noticia a trav\u00e9s de la siguiente declaraci\u00f3n en las redes sociales.<\/p>\n<p><!--more--><\/p>\n<p>Prado se rompi\u00f3 el f\u00e9mur pocos d\u00edas antes de Navidad, por lo que una recuperaci\u00f3n de dos meses es bastante incre\u00edble.\u00a0El Gran Premio de Gran Breta\u00f1a marcar\u00e1 su debut en la categor\u00eda MXGP.\u00a0Prado compiti\u00f3 anteriormente con el KTM 450 SX-F en el\u00a0Motocross of Nations\u00a02019\u00a0y termin\u00f3 cuarto en la categor\u00eda individual de MXGP.<\/p>\n<p><iframe style=\"border: none; overflow: hidden;\" src=\"https:\/\/www.facebook.com\/plugins\/video.php?href=https%3A%2F%2Fwww.facebook.com%2Fjorgeprado61%2Fvideos%2F206409417384651%2F&amp;show_text=0&amp;width=560\" width=\"560\" height=\"317\" frameborder=\"0\" scrolling=\"no\" allowfullscreen=\"allowfullscreen\"><\/iframe><\/p>\n<p>&nbsp;<\/p>\n<p><\/a><\/p>\n","protected":false},"excerpt":{"rendered":"<p>Jorge Prado acaba de anunciar que\u00a0correr\u00e1\u00a0la primera ronda del\u00a0\u00a0FIM 2020\u00a0en Matterley Basin este fin de&#8230;<\/p>\n","protected":false},"author":2,"featured_media":0,"comment_status":"open","ping_status":"open","sticky":false,"template":"","format":"standard","meta":{"om_disable_all_campaigns":false,"_monsterinsights_skip_tracking":false,"_monsterinsights_sitenote_active":false,"_monsterinsights_sitenote_note":"","_monsterinsights_sitenote_category":0,"_uf_show_specific_survey":0,"_uf_disable_surveys":false,"footnotes":""},"categories":[38,24],"tags":[],"class_list":["post-46545","post","type-post","status-publish","format-standard","hentry","category-hot-news","category-mxgp"],"aioseo_notices":[],"_links":{"self":[{"href":"http:\/\/www.crossprensa.com.ar\/news\/wp-json\/wp\/v2\/posts\/46545","targetHints":{"allow":["GET"]}}],"collection":[{"href":"http:\/\/www.crossprensa.com.ar\/news\/wp-json\/wp\/v2\/posts"}],"about":[{"href":"http:\/\/www.crossprensa.com.ar\/news\/wp-json\/wp\/v2\/types\/post"}],"author":[{"embeddable":true,"href":"http:\/\/www.crossprensa.com.ar\/news\/wp-json\/wp\/v2\/users\/2"}],"replies":[{"embeddable":true,"href":"http:\/\/www.crossprensa.com.ar\/news\/wp-json\/wp\/v2\/comments?post=46545"}],"version-history":[{"count":1,"href":"http:\/\/www.crossprensa.com.ar\/news\/wp-json\/wp\/v2\/posts\/46545\/revisions"}],"predecessor-version":[{"id":46547,"href":"http:\/\/www.crossprensa.com.ar\/news\/wp-json\/wp\/v2\/posts\/46545\/revisions\/46547"}],"wp:attachment":[{"href":"http:\/\/www.crossprensa.com.ar\/news\/wp-json\/wp\/v2\/media?parent=46545"}],"wp:term":[{"taxonomy":"category","embeddable":true,"href":"http:\/\/www.crossprensa.com.ar\/news\/wp-json\/wp\/v2\/categories?post=46545"},{"taxonomy":"post_tag","embeddable":true,"href":"http:\/\/www.crossprensa.com.ar\/news\/wp-json\/wp\/v2\/tags?post=46545"}],"curies":[{"name":"wp","href":"https:\/\/api.w.org\/{rel}","templated":true}]}}