{"id":46511,"date":"2020-02-24T03:37:35","date_gmt":"2020-02-24T06:37:35","guid":{"rendered":"http:\/\/www.crossprensa.com.ar\/news\/?p=46511"},"modified":"2020-02-24T01:00:34","modified_gmt":"2020-02-24T04:00:34","slug":"cooper-web-su-estado-de-salud-luego-de-la-caida-y-el-video","status":"publish","type":"post","link":"http:\/\/www.crossprensa.com.ar\/news\/cooper-web-su-estado-de-salud-luego-de-la-caida-y-el-video\/ama-supercross\/","title":{"rendered":"COOPER WEB, SU ESTADO DE SALUD LUEGO DE LA CA\u00cdDA, Y EL VIDEO!"},"content":{"rendered":"<p>Fue tan fuerte y complicado el golpe del campe\u00f3n de 2019 del AMA SUPERCROSS en 450, que de verdad asust\u00f3 y mas a los que hemos visto muchos golpes. Cuando lo llevaron colgado de los hombros de dos asistentes hasta el carrito de golf que hace las veces de movil de rescate en las pistas, no nos gust\u00f3 nada.<\/p>\n<p><!--more--><\/p>\n<p>Cooper Webb public\u00f3 una declaraci\u00f3n en las redes sociales con buenas noticias del hospital.\u00a0<em><strong>\u201cA veces montas al toro, a veces te tira&#8230; Acabo de realizar los ex\u00e1menes m\u00e9dicos y tuve mucha suerte de terminar con solo el hematoma de la pelvis y el sacro.\u00a0Extremadamente afortunado y bendecido de que solo sea eso.\u00a0Gracias a todos por su apoyo y oraciones.\u00a0&#8220;<\/strong><\/em><\/p>\n<p><iframe style=\"border: none; overflow: hidden;\" src=\"https:\/\/www.facebook.com\/plugins\/video.php?href=https%3A%2F%2Fwww.facebook.com%2FCrossprensa%2Fvideos%2F153016575704410%2F&amp;show_text=0&amp;width=560\" width=\"560\" height=\"314\" frameborder=\"0\" scrolling=\"no\" allowfullscreen=\"allowfullscreen\"><\/iframe><\/p>\n","protected":false},"excerpt":{"rendered":"<p>Fue tan fuerte y complicado el golpe del campe\u00f3n de 2019 del AMA SUPERCROSS en&#8230;<\/p>\n","protected":false},"author":2,"featured_media":0,"comment_status":"open","ping_status":"open","sticky":false,"template":"","format":"standard","meta":{"om_disable_all_campaigns":false,"_monsterinsights_skip_tracking":false,"_monsterinsights_sitenote_active":false,"_monsterinsights_sitenote_note":"","_monsterinsights_sitenote_category":0,"_uf_show_specific_survey":0,"_uf_disable_surveys":false,"footnotes":""},"categories":[30,38],"tags":[],"class_list":["post-46511","post","type-post","status-publish","format-standard","hentry","category-ama-supercross","category-hot-news"],"aioseo_notices":[],"_links":{"self":[{"href":"http:\/\/www.crossprensa.com.ar\/news\/wp-json\/wp\/v2\/posts\/46511","targetHints":{"allow":["GET"]}}],"collection":[{"href":"http:\/\/www.crossprensa.com.ar\/news\/wp-json\/wp\/v2\/posts"}],"about":[{"href":"http:\/\/www.crossprensa.com.ar\/news\/wp-json\/wp\/v2\/types\/post"}],"author":[{"embeddable":true,"href":"http:\/\/www.crossprensa.com.ar\/news\/wp-json\/wp\/v2\/users\/2"}],"replies":[{"embeddable":true,"href":"http:\/\/www.crossprensa.com.ar\/news\/wp-json\/wp\/v2\/comments?post=46511"}],"version-history":[{"count":1,"href":"http:\/\/www.crossprensa.com.ar\/news\/wp-json\/wp\/v2\/posts\/46511\/revisions"}],"predecessor-version":[{"id":46513,"href":"http:\/\/www.crossprensa.com.ar\/news\/wp-json\/wp\/v2\/posts\/46511\/revisions\/46513"}],"wp:attachment":[{"href":"http:\/\/www.crossprensa.com.ar\/news\/wp-json\/wp\/v2\/media?parent=46511"}],"wp:term":[{"taxonomy":"category","embeddable":true,"href":"http:\/\/www.crossprensa.com.ar\/news\/wp-json\/wp\/v2\/categories?post=46511"},{"taxonomy":"post_tag","embeddable":true,"href":"http:\/\/www.crossprensa.com.ar\/news\/wp-json\/wp\/v2\/tags?post=46511"}],"curies":[{"name":"wp","href":"https:\/\/api.w.org\/{rel}","templated":true}]}}