{"id":46472,"date":"2020-02-21T16:30:03","date_gmt":"2020-02-21T19:30:03","guid":{"rendered":"http:\/\/www.crossprensa.com.ar\/news\/?p=46472"},"modified":"2020-02-21T16:30:03","modified_gmt":"2020-02-21T19:30:03","slug":"hardy-munoz-confirmado-en-el-ama-sx","status":"publish","type":"post","link":"http:\/\/www.crossprensa.com.ar\/news\/hardy-munoz-confirmado-en-el-ama-sx\/ama-supercross\/","title":{"rendered":"HARDY MU\u00d1OZ CONFIRMADO EN EL AMA SX!!!"},"content":{"rendered":"<p>Luego de que la semana pasada el piloto chileno Hardy Mu\u00f1oz consiguiera adem\u00e1s de la victoria, los tres puntos que le faltaban para poder confirmar su ingreso como profesional en el AMA SUPERCROSS, hoy su padre se puso en contacto con nosotros para darnos la noticia que a pesar de no estar en la lista de inscriptos (todav\u00eda) estar\u00e1 corriendo ma\u00f1ana en TEXAS!\u00a0<!--more--><\/p>\n<p>Est\u00e1n en un lugar mas que de privilegio, y por lo que se han sacrificado much\u00edsimo! Est\u00e1n en la b\u00fasqueda de un equipo y sponsors para poder tener la continuidad necesaria con una moto acorde, con la que adem\u00e1s deber\u00e1 seguir sus entrenamientos intensivos para estar a la altura del resto de los pilotos. Estuvo girando en Arlington y la falta de adaptaci\u00f3n fue notable, pero no imposible.<\/p>\n<p>Estaremos siguiendo paso a paso su evoluci\u00f3n profesional, y si quieren ver la carrera EN VIVO, click en el banner de la izquierda con la im\u00e1gen de la moto de Marvin Musquin.<\/p>\n<p>O se lo van a perder?<\/p>\n","protected":false},"excerpt":{"rendered":"<p>Luego de que la semana pasada el piloto chileno Hardy Mu\u00f1oz consiguiera adem\u00e1s de la&#8230;<\/p>\n","protected":false},"author":2,"featured_media":0,"comment_status":"open","ping_status":"open","sticky":false,"template":"","format":"standard","meta":{"om_disable_all_campaigns":false,"_monsterinsights_skip_tracking":false,"_monsterinsights_sitenote_active":false,"_monsterinsights_sitenote_note":"","_monsterinsights_sitenote_category":0,"_uf_show_specific_survey":0,"_uf_disable_surveys":false,"footnotes":""},"categories":[30,38],"tags":[],"class_list":["post-46472","post","type-post","status-publish","format-standard","hentry","category-ama-supercross","category-hot-news"],"aioseo_notices":[],"_links":{"self":[{"href":"http:\/\/www.crossprensa.com.ar\/news\/wp-json\/wp\/v2\/posts\/46472","targetHints":{"allow":["GET"]}}],"collection":[{"href":"http:\/\/www.crossprensa.com.ar\/news\/wp-json\/wp\/v2\/posts"}],"about":[{"href":"http:\/\/www.crossprensa.com.ar\/news\/wp-json\/wp\/v2\/types\/post"}],"author":[{"embeddable":true,"href":"http:\/\/www.crossprensa.com.ar\/news\/wp-json\/wp\/v2\/users\/2"}],"replies":[{"embeddable":true,"href":"http:\/\/www.crossprensa.com.ar\/news\/wp-json\/wp\/v2\/comments?post=46472"}],"version-history":[{"count":1,"href":"http:\/\/www.crossprensa.com.ar\/news\/wp-json\/wp\/v2\/posts\/46472\/revisions"}],"predecessor-version":[{"id":46474,"href":"http:\/\/www.crossprensa.com.ar\/news\/wp-json\/wp\/v2\/posts\/46472\/revisions\/46474"}],"wp:attachment":[{"href":"http:\/\/www.crossprensa.com.ar\/news\/wp-json\/wp\/v2\/media?parent=46472"}],"wp:term":[{"taxonomy":"category","embeddable":true,"href":"http:\/\/www.crossprensa.com.ar\/news\/wp-json\/wp\/v2\/categories?post=46472"},{"taxonomy":"post_tag","embeddable":true,"href":"http:\/\/www.crossprensa.com.ar\/news\/wp-json\/wp\/v2\/tags?post=46472"}],"curies":[{"name":"wp","href":"https:\/\/api.w.org\/{rel}","templated":true}]}}