{"id":46453,"date":"2020-02-18T16:30:11","date_gmt":"2020-02-18T19:30:11","guid":{"rendered":"http:\/\/www.crossprensa.com.ar\/news\/?p=46453"},"modified":"2020-02-18T16:30:11","modified_gmt":"2020-02-18T19:30:11","slug":"comunicado-oficial-de-ktm-sobre-brian-moreau","status":"publish","type":"post","link":"http:\/\/www.crossprensa.com.ar\/news\/comunicado-oficial-de-ktm-sobre-brian-moreau\/ama-supercross\/","title":{"rendered":"COMUNICADO OFICIAL DE KTM SOBRE BRIAN MOREAU"},"content":{"rendered":"<p>La lamentable noticia que se conoci\u00f3 el mismo S\u00e1bado en la carrera de Tampa, <a href=\"http:\/\/www.crossprensa.com.ar\/news\/?p=46442\">y que public\u00e1ramos luego<\/a> aguardando ampliar lo ocurrido, preocup\u00f3 y mucho. Primero cuando retiraron al piloto de la pista, se lo escuch\u00f3 decir que no sent\u00eda sus piernas, y luego con la confirmaci\u00f3n de la rotura de la v\u00e9rtebra C7, mas sombr\u00eda se puso la espera. Aqu\u00ed lo que inform\u00f3 oficialmente el equipo.<\/p>\n<p><!--more--><\/p>\n<p><strong><span>MURRIETA,<\/span><\/strong><span>\u00a0\u00a0California &#8211; Brian Moreau, de Troy Lee Designs \/ Red Bull KTM Factory Racing, sufri\u00f3 un accidente importante durante la sesi\u00f3n de entrenamientos libres del s\u00e1bado en la s\u00e9ptima fecha del Campeonato AMA Supercross en Tampa, Florida.\u00a0El piloto franc\u00e9s fue trasladado de inmediato a un hospital cercano donde se someti\u00f3 a cirug\u00eda para reparar una v\u00e9rtebra fracturada en el cuello.\u00a0Moreau est\u00e1 en condici\u00f3n estable en este momento mientras espera m\u00e1s informaci\u00f3n de los m\u00e9dicos.<\/span><\/p>\n<p><span>La familia Moreau public\u00f3 una actualizaci\u00f3n el domingo por la ma\u00f1ana a trav\u00e9s de las redes sociales que dec\u00eda:\u00a0\u00a0<\/span><em><span>\u201cGolpeado en las v\u00e9rtebras, Brian fue operado anoche en el hospital de Tampa.\u00a0La cirug\u00eda sali\u00f3 bien y Brian se despert\u00f3.\u00a0Actualmente est\u00e1 en cuidados intensivos, pero los m\u00e9dicos no podr\u00e1n decidir sobre su condici\u00f3n en varios d\u00edas &#8230; \u00a1Brian es un ni\u00f1o muy valiente y fuerte y est\u00e1 al tanto de todo!<\/span><\/em><\/p>\n<p><strong><span>Dijo el propietario del equipo TLD \/ KTM, Troy Lee:\u00a0<\/span><\/strong>\u00a0<em><span>\u201cBrian es un ni\u00f1o muy fuerte y sabemos que aasimilar\u00e1 esta lesi\u00f3n y har\u00e1 todo lo posible para recuperarse por completo.\u00a0Todos en Troy Lee Designs y KTM apoyan plenamente su recuperaci\u00f3n en cada paso del camino.\u00a0Tambi\u00e9n quiero agradecer a Marvin y Mathilde Musquin por todo el apoyo que le han brindado a Brian desde el primer d\u00eda que se present\u00f3 en California.\u00a0Mathilde ha estado en el hospital con Brian desde su accidente y ha sido incre\u00edble trabajar con \u00e9l durante este momento dif\u00edcil.\u00a0<\/span><\/em><span>&#8220;<\/span><\/p>\n<p><span>KTM North America, Inc., junto con los equipos Troy Lee Designs \/ Red Bull KTM Factory Racing y Red Bull KTM Factory Racing est\u00e1n enviando pensamientos positivos a Brian y la familia Moreau en este momento.<\/span><\/p>\n","protected":false},"excerpt":{"rendered":"<p>La lamentable noticia que se conoci\u00f3 el mismo S\u00e1bado en la carrera de Tampa, y&#8230;<\/p>\n","protected":false},"author":2,"featured_media":0,"comment_status":"open","ping_status":"open","sticky":false,"template":"","format":"standard","meta":{"om_disable_all_campaigns":false,"_monsterinsights_skip_tracking":false,"_monsterinsights_sitenote_active":false,"_monsterinsights_sitenote_note":"","_monsterinsights_sitenote_category":0,"_uf_show_specific_survey":0,"_uf_disable_surveys":false,"footnotes":""},"categories":[30,38],"tags":[],"class_list":["post-46453","post","type-post","status-publish","format-standard","hentry","category-ama-supercross","category-hot-news"],"aioseo_notices":[],"_links":{"self":[{"href":"http:\/\/www.crossprensa.com.ar\/news\/wp-json\/wp\/v2\/posts\/46453","targetHints":{"allow":["GET"]}}],"collection":[{"href":"http:\/\/www.crossprensa.com.ar\/news\/wp-json\/wp\/v2\/posts"}],"about":[{"href":"http:\/\/www.crossprensa.com.ar\/news\/wp-json\/wp\/v2\/types\/post"}],"author":[{"embeddable":true,"href":"http:\/\/www.crossprensa.com.ar\/news\/wp-json\/wp\/v2\/users\/2"}],"replies":[{"embeddable":true,"href":"http:\/\/www.crossprensa.com.ar\/news\/wp-json\/wp\/v2\/comments?post=46453"}],"version-history":[{"count":1,"href":"http:\/\/www.crossprensa.com.ar\/news\/wp-json\/wp\/v2\/posts\/46453\/revisions"}],"predecessor-version":[{"id":46455,"href":"http:\/\/www.crossprensa.com.ar\/news\/wp-json\/wp\/v2\/posts\/46453\/revisions\/46455"}],"wp:attachment":[{"href":"http:\/\/www.crossprensa.com.ar\/news\/wp-json\/wp\/v2\/media?parent=46453"}],"wp:term":[{"taxonomy":"category","embeddable":true,"href":"http:\/\/www.crossprensa.com.ar\/news\/wp-json\/wp\/v2\/categories?post=46453"},{"taxonomy":"post_tag","embeddable":true,"href":"http:\/\/www.crossprensa.com.ar\/news\/wp-json\/wp\/v2\/tags?post=46453"}],"curies":[{"name":"wp","href":"https:\/\/api.w.org\/{rel}","templated":true}]}}