{"id":46262,"date":"2020-02-02T12:58:58","date_gmt":"2020-02-02T15:58:58","guid":{"rendered":"http:\/\/www.crossprensa.com.ar\/news\/?p=46262"},"modified":"2020-02-02T12:58:58","modified_gmt":"2020-02-02T15:58:58","slug":"ama-sx-oakland-resultados-2","status":"publish","type":"post","link":"http:\/\/www.crossprensa.com.ar\/news\/ama-sx-oakland-resultados-2\/ama-supercross\/","title":{"rendered":"AMA SX &#8211; OAKLAND &#8211; RESULTADOS"},"content":{"rendered":"<p>QUE NOCHE!!! 250 con Ferrandis que no toc\u00f3 ni la tierra esta vez, muy cuidado logr\u00f3 la victoria en la 5ta. fecha del a\u00f1o. en 450, Roczen que quer\u00eda la 3ra. consecutiva pero no pudo porque Tomac tambi\u00e9n necesitaba una victoria, y Webb intent\u00f3 pero no pudo hasta que un toque con el alem\u00e1n dej\u00f3 al #1 de KTM en la 2da. posici\u00f3n de una gran carrera! Aqu\u00ed los resultados y en breve los videos. Exclusivos de Crossprensa en Espa\u00f1ol! Se lo van a perder?<\/p>\n<p><!--more--><\/p>\n<h3>250<\/h3>\n<p><img decoding=\"async\" src=\"https:\/\/i0.wp.com\/www.mxbars.net\/wp-content\/uploads\/2020\/02\/Schermata-2020-02-02-alle-04.52.39.png?resize=901%2C548&amp;ssl=1\" \/><\/p>\n<p><img decoding=\"async\" src=\"https:\/\/i0.wp.com\/www.mxbars.net\/wp-content\/uploads\/2020\/02\/Schermata-2020-02-02-alle-04.52.59.png?resize=900%2C649&amp;ssl=1\" \/><\/p>\n<h3>450<\/h3>\n<p><img decoding=\"async\" src=\"https:\/\/i0.wp.com\/www.mxbars.net\/wp-content\/uploads\/2020\/02\/Schermata-2020-02-02-alle-04.13.08.png?resize=902%2C387&amp;ssl=1\" \/><\/p>\n<p>&nbsp;<\/p>\n<p>&nbsp;<\/p>\n","protected":false},"excerpt":{"rendered":"<p>QUE NOCHE!!! 250 con Ferrandis que no toc\u00f3 ni la tierra esta vez, muy cuidado&#8230;<\/p>\n","protected":false},"author":2,"featured_media":0,"comment_status":"open","ping_status":"open","sticky":false,"template":"","format":"standard","meta":{"om_disable_all_campaigns":false,"_monsterinsights_skip_tracking":false,"_monsterinsights_sitenote_active":false,"_monsterinsights_sitenote_note":"","_monsterinsights_sitenote_category":0,"_uf_show_specific_survey":0,"_uf_disable_surveys":false,"footnotes":""},"categories":[30,38],"tags":[],"class_list":["post-46262","post","type-post","status-publish","format-standard","hentry","category-ama-supercross","category-hot-news"],"aioseo_notices":[],"_links":{"self":[{"href":"http:\/\/www.crossprensa.com.ar\/news\/wp-json\/wp\/v2\/posts\/46262","targetHints":{"allow":["GET"]}}],"collection":[{"href":"http:\/\/www.crossprensa.com.ar\/news\/wp-json\/wp\/v2\/posts"}],"about":[{"href":"http:\/\/www.crossprensa.com.ar\/news\/wp-json\/wp\/v2\/types\/post"}],"author":[{"embeddable":true,"href":"http:\/\/www.crossprensa.com.ar\/news\/wp-json\/wp\/v2\/users\/2"}],"replies":[{"embeddable":true,"href":"http:\/\/www.crossprensa.com.ar\/news\/wp-json\/wp\/v2\/comments?post=46262"}],"version-history":[{"count":1,"href":"http:\/\/www.crossprensa.com.ar\/news\/wp-json\/wp\/v2\/posts\/46262\/revisions"}],"predecessor-version":[{"id":46264,"href":"http:\/\/www.crossprensa.com.ar\/news\/wp-json\/wp\/v2\/posts\/46262\/revisions\/46264"}],"wp:attachment":[{"href":"http:\/\/www.crossprensa.com.ar\/news\/wp-json\/wp\/v2\/media?parent=46262"}],"wp:term":[{"taxonomy":"category","embeddable":true,"href":"http:\/\/www.crossprensa.com.ar\/news\/wp-json\/wp\/v2\/categories?post=46262"},{"taxonomy":"post_tag","embeddable":true,"href":"http:\/\/www.crossprensa.com.ar\/news\/wp-json\/wp\/v2\/tags?post=46262"}],"curies":[{"name":"wp","href":"https:\/\/api.w.org\/{rel}","templated":true}]}}