{"id":46166,"date":"2020-01-22T13:54:39","date_gmt":"2020-01-22T16:54:39","guid":{"rendered":"http:\/\/www.crossprensa.com.ar\/news\/?p=46166"},"modified":"2020-01-22T13:54:39","modified_gmt":"2020-01-22T16:54:39","slug":"mx-ojo-de-agua","status":"publish","type":"post","link":"http:\/\/www.crossprensa.com.ar\/news\/mx-ojo-de-agua\/motocross\/","title":{"rendered":"MX OJO DE AGUA"},"content":{"rendered":"<p>12 a\u00f1os de pura pasi\u00f3n tucumana por el Motocross y el Enduro, son los que ya tiene Ojo de Agua como un cl\u00e1sico de cada verano en el Norte Argentino. Con la fiscalizaci\u00f3n de Camod regional Noa, tuvieron un verdadero \u00e9xito con mas de 5000 personas presentes y muchas motos! La Rioja, Catamarca, Tucum\u00e1n, Salta, Jujuy, Sgo. del Estero, fueron las provincias representadas por mas de 80 pilotos en esta competencia que tuvo todo el apoyo de la Municipalida de Taf\u00ed del Valle.<\/p>\n<p>El pr\u00f3ximo fin de semana se corre la 2da. fecha, y tambi\u00e9n estaremos con toda la informaci\u00f3n. Muchas gracias por confiar en Crossprensa para la difusi\u00f3n de su carrera!!!<\/p>\n<p><!--more--><\/p>\n<p>MINICROSS<\/p>\n<p>1 Exequiel JAIME<\/p>\n<p>2 Felipe AVILA<\/p>\n<p>3 Jerem\u00edas Ahar<\/p>\n<p>&nbsp;<\/p>\n<p>85cc<\/p>\n<p>1 Santiago FRIAS<\/p>\n<p>2 Cristian CAPDEVILA<\/p>\n<p>3 Nahim HUEQUIM<\/p>\n<p>&nbsp;<\/p>\n<p>PROMOCIONAL<\/p>\n<p>1 Santiago CASSACI<\/p>\n<p>2 Carla SCAGLIONI<\/p>\n<p>3 Rub\u00e9n RODRIGUEZ<\/p>\n<p>&nbsp;<\/p>\n<p>MX3 B<\/p>\n<p>1 Dar\u00edo OVEJERO<\/p>\n<p>2 Miguel GONZALES<\/p>\n<p>3 Hugo CARRIZO<\/p>\n<p>&nbsp;<\/p>\n<p>MX3 A<\/p>\n<p>1 Jorge CLADY<\/p>\n<p>2 Jos\u00e9 ARTERO<\/p>\n<p>3 Jos\u00e9 FILI<\/p>\n<p><img fetchpriority=\"high\" decoding=\"async\" class=\"alignnone wp-image-46185 size-full\" src=\"http:\/\/www.crossprensa.com.ar\/news\/wp-content\/uploads\/2020\/01\/z1591-1.jpg\" alt=\"\" width=\"1280\" height=\"853\" \/><\/p>\n<p>JUNIOR<\/p>\n<p>1 Nazareno VELIZ<\/p>\n<p>2 Ramiro CHAVEZ<\/p>\n<p>3 Marcos CARBAJAL<\/p>\n<p>&nbsp;<\/p>\n<p>OPEN B<\/p>\n<p>1 Jer\u00f3nimo TORO<\/p>\n<p>2 Lucas QUIROGA<\/p>\n<p>3 Tom\u00e1s AVALOS<\/p>\n<p>&nbsp;<\/p>\n<p>OPEN A<\/p>\n<p>1 Lautaro TORO<\/p>\n<p>2 Gonzalo DIAZ VELEZ<\/p>\n<p>&nbsp;<\/p>\n<p>QUADS<\/p>\n<p>1 Luciano MIRANDA<\/p>\n<p>2 Franco BARCIA<\/p>\n<p>3 Valentina LOPEZ ABDALA<\/p>\n","protected":false},"excerpt":{"rendered":"<p>12 a\u00f1os de pura pasi\u00f3n tucumana por el Motocross y el Enduro, son los que&#8230;<\/p>\n","protected":false},"author":2,"featured_media":0,"comment_status":"open","ping_status":"open","sticky":false,"template":"","format":"standard","meta":{"om_disable_all_campaigns":false,"_monsterinsights_skip_tracking":false,"_monsterinsights_sitenote_active":false,"_monsterinsights_sitenote_note":"","_monsterinsights_sitenote_category":0,"_uf_show_specific_survey":0,"_uf_disable_surveys":false,"footnotes":""},"categories":[57],"tags":[],"class_list":["post-46166","post","type-post","status-publish","format-standard","hentry","category-motocross"],"aioseo_notices":[],"_links":{"self":[{"href":"http:\/\/www.crossprensa.com.ar\/news\/wp-json\/wp\/v2\/posts\/46166","targetHints":{"allow":["GET"]}}],"collection":[{"href":"http:\/\/www.crossprensa.com.ar\/news\/wp-json\/wp\/v2\/posts"}],"about":[{"href":"http:\/\/www.crossprensa.com.ar\/news\/wp-json\/wp\/v2\/types\/post"}],"author":[{"embeddable":true,"href":"http:\/\/www.crossprensa.com.ar\/news\/wp-json\/wp\/v2\/users\/2"}],"replies":[{"embeddable":true,"href":"http:\/\/www.crossprensa.com.ar\/news\/wp-json\/wp\/v2\/comments?post=46166"}],"version-history":[{"count":2,"href":"http:\/\/www.crossprensa.com.ar\/news\/wp-json\/wp\/v2\/posts\/46166\/revisions"}],"predecessor-version":[{"id":46186,"href":"http:\/\/www.crossprensa.com.ar\/news\/wp-json\/wp\/v2\/posts\/46166\/revisions\/46186"}],"wp:attachment":[{"href":"http:\/\/www.crossprensa.com.ar\/news\/wp-json\/wp\/v2\/media?parent=46166"}],"wp:term":[{"taxonomy":"category","embeddable":true,"href":"http:\/\/www.crossprensa.com.ar\/news\/wp-json\/wp\/v2\/categories?post=46166"},{"taxonomy":"post_tag","embeddable":true,"href":"http:\/\/www.crossprensa.com.ar\/news\/wp-json\/wp\/v2\/tags?post=46166"}],"curies":[{"name":"wp","href":"https:\/\/api.w.org\/{rel}","templated":true}]}}