{"id":45844,"date":"2020-01-01T18:17:36","date_gmt":"2020-01-01T21:17:36","guid":{"rendered":"http:\/\/www.crossprensa.com.ar\/news\/?p=45844"},"modified":"2020-01-01T18:18:46","modified_gmt":"2020-01-01T21:18:46","slug":"gonzalo-glaria-su-fallecimiento-pedimos-justicia","status":"publish","type":"post","link":"http:\/\/www.crossprensa.com.ar\/news\/gonzalo-glaria-su-fallecimiento-pedimos-justicia\/hot-news\/","title":{"rendered":"Gonzalo Glar\u00eda, su fallecimiento. Pedimos JUSTICIA."},"content":{"rendered":"<p>No es f\u00e1cil encarar este tipo de notas cuando se trata de un chico joven, solo 25 a\u00f1os, apasionado por las motos como cualquiera de nosotros y con mucha buena onda! Lo conocimos girando en supermotard en el Kart\u00f3dromo de Santa Fe y desde ah\u00ed charlamos mucho con el rafaelino&#8230; Hasta que la noticia nos ensombreci\u00f3 el fin de a\u00f1o.<\/p>\n<p><!--more--><\/p>\n<p>El pedido de justicia es un grito. Ac\u00e1, all\u00e1, donde sea. Cansa ver tanta basura que no le importa su propia vida y por lo mismo, MENOS le importa la vida de los dem\u00e1s por dos pesos mugrientos.<\/p>\n<p><img fetchpriority=\"high\" decoding=\"async\" class=\"alignnone wp-image-45846 size-full\" src=\"http:\/\/www.crossprensa.com.ar\/news\/wp-content\/uploads\/2020\/01\/z147.jpg\" alt=\"\" width=\"886\" height=\"960\" \/><\/p>\n<p>Gonzalo presenci\u00f3 un robo, y en una actitud que se puede denominar como quieran: Valiente, irresponsable, her\u00f3ica&#8230; pongan el adjetivo que quieran, sali\u00f3 a perseguir a esas lacras con su moto hasta que se les puso al lado, lo hacen caer y pega con su cuerpo contra un auto estacionado. No contentos con esto, esas 3 &#8220;personas&#8221; se vuelven para patearlo en el suelo, envalentonados porque eran mas, porque lo hab\u00edan hecho caer, porque ellos tienen &#8220;la raz\u00f3n de los pobres exclu\u00eddos&#8221; que los convierte adem\u00e1s en intocables e indiscutibles.<\/p>\n<p>Gonzalo muri\u00f3.<\/p>\n<p>Un 31 de Diciembre que adem\u00e1s de ser una fecha espantosa para que una familia sufra esto, es un d\u00eda que ser\u00e1 terriblemente inolvidable para la sociedad de Rafaela que pide a gritos que los metan presos y que se haga justicia.<\/p>\n<p>En lo personal, no voy a decir mucho de la apreciaci\u00f3n que tengo sobre este tipo de cosas y lo hago conteniendo el impulso de decir muchas cosas, por todos los GONZALO que d\u00eda a d\u00eda sufren en manos de la basura que nos rodea.<\/p>\n<p><img decoding=\"async\" class=\"alignnone wp-image-45847 size-full\" src=\"http:\/\/www.crossprensa.com.ar\/news\/wp-content\/uploads\/2020\/01\/z148.jpg\" alt=\"\" width=\"912\" height=\"960\" srcset=\"https:\/\/www.crossprensa.com.ar\/news\/wp-content\/uploads\/2020\/01\/z148.jpg 912w, https:\/\/www.crossprensa.com.ar\/news\/wp-content\/uploads\/2020\/01\/z148-285x300.jpg 285w, https:\/\/www.crossprensa.com.ar\/news\/wp-content\/uploads\/2020\/01\/z148-380x400.jpg 380w, https:\/\/www.crossprensa.com.ar\/news\/wp-content\/uploads\/2020\/01\/z148-768x808.jpg 768w, https:\/\/www.crossprensa.com.ar\/news\/wp-content\/uploads\/2020\/01\/z148-750x789.jpg 750w\" sizes=\"(max-width: 912px) 100vw, 912px\" \/><\/p>\n<p>De parte de los grupos de Motocross y Enduro de Rafaela, de sus amigos, de los compa\u00f1eros de ruta, y de quienes lo pudimos conocer pedimos en\u00e9rgicamente a las autoridades que se los encuentre, se los encarcele y si entre medio les pueden pegar una buena paliza ser\u00eda perfecto. En la c\u00e1rcel solo hacen el posgrado para perfeccionar su actuar delictivo, ah\u00ed no los corrige nadie con el sistema que tenemos.<\/p>\n<p>Da bronca, verg\u00fcenza, impotencia, y lo peor es la sensaci\u00f3n de querer hacer justicia por mano propia porque no vemos la justicia en manos de quienes cobran sus sueldos con nuestros impuestos y que tienen la chapa de JUEZ o JUEZA.<\/p>\n<p>Cuando vayan a juzgar, se\u00f1ores de altas exigencias de respeto y honorabilidad, recuerden que qued\u00f3 una madre acariciando una foto, un padre llorando amargura y orgullo por la ense\u00f1anza que le dio, una novia llorando soledad, amigos con una silla vac\u00eda en la juntada, y una moto muda. No hay &#8220;exclusi\u00f3n&#8221; que valga tanto&#8230; Porque cada vez que comience un a\u00f1o de aqu\u00ed en mas, lo \u00fanico que van a renovar es el sufrimiento de no tenerlo.<\/p>\n<p><img decoding=\"async\" class=\"alignnone wp-image-45848 size-full\" src=\"http:\/\/www.crossprensa.com.ar\/news\/wp-content\/uploads\/2020\/01\/z150.jpg\" alt=\"\" width=\"720\" height=\"960\" srcset=\"https:\/\/www.crossprensa.com.ar\/news\/wp-content\/uploads\/2020\/01\/z150.jpg 720w, https:\/\/www.crossprensa.com.ar\/news\/wp-content\/uploads\/2020\/01\/z150-225x300.jpg 225w, https:\/\/www.crossprensa.com.ar\/news\/wp-content\/uploads\/2020\/01\/z150-300x400.jpg 300w\" sizes=\"(max-width: 720px) 100vw, 720px\" \/><\/p>\n<p>Desde Crossprensa, le enviamos el mas grande abrazo contenedor a su familia y afectos cercanos. Nunca vamos a acompa\u00f1ar en el sentimiento a nadie y menos en este caso donde solamente ellos saben que sienten en este terrible momento.<\/p>\n<p>N\u00e9stor D. Guti\u00e9rrez<\/p>\n<p>Director de Crossprensa<\/p>\n","protected":false},"excerpt":{"rendered":"<p>No es f\u00e1cil encarar este tipo de notas cuando se trata de un chico joven,&#8230;<\/p>\n","protected":false},"author":2,"featured_media":45845,"comment_status":"open","ping_status":"open","sticky":false,"template":"","format":"standard","meta":{"om_disable_all_campaigns":false,"_monsterinsights_skip_tracking":false,"_monsterinsights_sitenote_active":false,"_monsterinsights_sitenote_note":"","_monsterinsights_sitenote_category":0,"_uf_show_specific_survey":0,"_uf_disable_surveys":false,"footnotes":""},"categories":[38],"tags":[],"class_list":["post-45844","post","type-post","status-publish","format-standard","has-post-thumbnail","hentry","category-hot-news"],"aioseo_notices":[],"_links":{"self":[{"href":"http:\/\/www.crossprensa.com.ar\/news\/wp-json\/wp\/v2\/posts\/45844","targetHints":{"allow":["GET"]}}],"collection":[{"href":"http:\/\/www.crossprensa.com.ar\/news\/wp-json\/wp\/v2\/posts"}],"about":[{"href":"http:\/\/www.crossprensa.com.ar\/news\/wp-json\/wp\/v2\/types\/post"}],"author":[{"embeddable":true,"href":"http:\/\/www.crossprensa.com.ar\/news\/wp-json\/wp\/v2\/users\/2"}],"replies":[{"embeddable":true,"href":"http:\/\/www.crossprensa.com.ar\/news\/wp-json\/wp\/v2\/comments?post=45844"}],"version-history":[{"count":1,"href":"http:\/\/www.crossprensa.com.ar\/news\/wp-json\/wp\/v2\/posts\/45844\/revisions"}],"predecessor-version":[{"id":45849,"href":"http:\/\/www.crossprensa.com.ar\/news\/wp-json\/wp\/v2\/posts\/45844\/revisions\/45849"}],"wp:featuredmedia":[{"embeddable":true,"href":"http:\/\/www.crossprensa.com.ar\/news\/wp-json\/wp\/v2\/media\/45845"}],"wp:attachment":[{"href":"http:\/\/www.crossprensa.com.ar\/news\/wp-json\/wp\/v2\/media?parent=45844"}],"wp:term":[{"taxonomy":"category","embeddable":true,"href":"http:\/\/www.crossprensa.com.ar\/news\/wp-json\/wp\/v2\/categories?post=45844"},{"taxonomy":"post_tag","embeddable":true,"href":"http:\/\/www.crossprensa.com.ar\/news\/wp-json\/wp\/v2\/tags?post=45844"}],"curies":[{"name":"wp","href":"https:\/\/api.w.org\/{rel}","templated":true}]}}