{"id":42715,"date":"2019-05-21T21:21:48","date_gmt":"2019-05-22T00:21:48","guid":{"rendered":"http:\/\/www.crossprensa.com.ar\/news\/?p=42715"},"modified":"2019-05-21T21:27:47","modified_gmt":"2019-05-22T00:27:47","slug":"mx-argentino-en-mendoza-video-del-circuito","status":"publish","type":"post","link":"http:\/\/www.crossprensa.com.ar\/news\/mx-argentino-en-mendoza-video-del-circuito\/mx-argentino\/","title":{"rendered":"MX ARGENTINO EN MENDOZA, VIDEO DEL CIRCUITO!"},"content":{"rendered":"<p>15 y 16 de Junio es la cita para la 3ra. fecha del Campeonato Argentino de Motocross, que se correr\u00e1 en Mendoza, en una nueva plaza para este deporte en esa bonita provincia.<\/p>\n<p>Ser\u00e1 la tercera presentaci\u00f3n para las categor\u00edas 85cc., MX3 A, B y C, MX2 A y B, la MX1 y la segunda para WMX (femenino).<\/p>\n<p><!--more--><\/p>\n<p>Gracias a Jos\u00e9 Mariano P\u00e9rez por las im\u00e1genes.<\/p>\n<p><iframe style=\"border: none; overflow: hidden;\" src=\"https:\/\/www.facebook.com\/plugins\/video.php?href=https%3A%2F%2Fwww.facebook.com%2F1598842106813555%2Fvideos%2F386699865179509%2F&amp;show_text=0&amp;width=560\" width=\"560\" height=\"315\" frameborder=\"0\" scrolling=\"no\" allowfullscreen=\"allowfullscreen\"><\/iframe><\/p>\n<p>Y para alojarse en Mendoza, cerca de la pista, tienen un lugar excelente! Cuando reserven digan que van de parte de Crossprensa&#8230; Click en la im\u00e1gen.<\/p>\n<p><a href=\"http:\/\/www.hnmsanrafael.com\/\"><img fetchpriority=\"high\" decoding=\"async\" class=\"alignnone wp-image-42602\" src=\"http:\/\/www.crossprensa.com.ar\/news\/wp-content\/uploads\/2019\/05\/Sin-t\u00edtulo-72358234-1.jpg\" alt=\"\" width=\"567\" height=\"563\" srcset=\"https:\/\/www.crossprensa.com.ar\/news\/wp-content\/uploads\/2019\/05\/Sin-t\u00edtulo-72358234-1.jpg 1372w, https:\/\/www.crossprensa.com.ar\/news\/wp-content\/uploads\/2019\/05\/Sin-t\u00edtulo-72358234-1-150x150.jpg 150w, https:\/\/www.crossprensa.com.ar\/news\/wp-content\/uploads\/2019\/05\/Sin-t\u00edtulo-72358234-1-300x298.jpg 300w, https:\/\/www.crossprensa.com.ar\/news\/wp-content\/uploads\/2019\/05\/Sin-t\u00edtulo-72358234-1-768x762.jpg 768w, https:\/\/www.crossprensa.com.ar\/news\/wp-content\/uploads\/2019\/05\/Sin-t\u00edtulo-72358234-1-403x400.jpg 403w, https:\/\/www.crossprensa.com.ar\/news\/wp-content\/uploads\/2019\/05\/Sin-t\u00edtulo-72358234-1-80x80.jpg 80w\" sizes=\"(max-width: 567px) 100vw, 567px\" \/><\/a><\/p>\n","protected":false},"excerpt":{"rendered":"<p>15 y 16 de Junio es la cita para la 3ra. fecha del Campeonato Argentino&#8230;<\/p>\n","protected":false},"author":2,"featured_media":0,"comment_status":"open","ping_status":"open","sticky":false,"template":"","format":"standard","meta":{"om_disable_all_campaigns":false,"_monsterinsights_skip_tracking":false,"_monsterinsights_sitenote_active":false,"_monsterinsights_sitenote_note":"","_monsterinsights_sitenote_category":0,"_uf_show_specific_survey":0,"_uf_disable_surveys":false,"footnotes":""},"categories":[38,27],"tags":[],"class_list":["post-42715","post","type-post","status-publish","format-standard","hentry","category-hot-news","category-mx-argentino"],"aioseo_notices":[],"_links":{"self":[{"href":"http:\/\/www.crossprensa.com.ar\/news\/wp-json\/wp\/v2\/posts\/42715","targetHints":{"allow":["GET"]}}],"collection":[{"href":"http:\/\/www.crossprensa.com.ar\/news\/wp-json\/wp\/v2\/posts"}],"about":[{"href":"http:\/\/www.crossprensa.com.ar\/news\/wp-json\/wp\/v2\/types\/post"}],"author":[{"embeddable":true,"href":"http:\/\/www.crossprensa.com.ar\/news\/wp-json\/wp\/v2\/users\/2"}],"replies":[{"embeddable":true,"href":"http:\/\/www.crossprensa.com.ar\/news\/wp-json\/wp\/v2\/comments?post=42715"}],"version-history":[{"count":3,"href":"http:\/\/www.crossprensa.com.ar\/news\/wp-json\/wp\/v2\/posts\/42715\/revisions"}],"predecessor-version":[{"id":42719,"href":"http:\/\/www.crossprensa.com.ar\/news\/wp-json\/wp\/v2\/posts\/42715\/revisions\/42719"}],"wp:attachment":[{"href":"http:\/\/www.crossprensa.com.ar\/news\/wp-json\/wp\/v2\/media?parent=42715"}],"wp:term":[{"taxonomy":"category","embeddable":true,"href":"http:\/\/www.crossprensa.com.ar\/news\/wp-json\/wp\/v2\/categories?post=42715"},{"taxonomy":"post_tag","embeddable":true,"href":"http:\/\/www.crossprensa.com.ar\/news\/wp-json\/wp\/v2\/tags?post=42715"}],"curies":[{"name":"wp","href":"https:\/\/api.w.org\/{rel}","templated":true}]}}