{"id":42682,"date":"2019-05-20T21:25:57","date_gmt":"2019-05-21T00:25:57","guid":{"rendered":"http:\/\/www.crossprensa.com.ar\/news\/?p=42682"},"modified":"2019-05-20T21:44:23","modified_gmt":"2019-05-21T00:44:23","slug":"mx-entrerriano-en-colon-3","status":"publish","type":"post","link":"http:\/\/www.crossprensa.com.ar\/news\/mx-entrerriano-en-colon-3\/hot-news\/","title":{"rendered":"MX ENTRERRIANO EN COLON"},"content":{"rendered":"<p>Espectacular fin de semana en Col\u00f3n, para la 3ra. fecha del a\u00f1o el MX Entrerriano fiscalizado por ACIMDER, que cont\u00f3 con buena cantidad de pilotos inscriptos, buena cantidad de p\u00fablico y el habitual pero entretenido circuito del Cicles Club, que fuera escenario del campeonato nacional tambi\u00e9n, al que el barro no le quit\u00f3 el brillo que tuvo la carrera. Aqu\u00ed los resultados, con fotos de <a href=\"https:\/\/www.facebook.com\/Fotograf%C3%ADa-Pierina-Acevedo-353047571917634\/\">Pierina Acevedo<\/a> y Camila Ballay<\/p>\n<p><!--more--><\/p>\n<h2><span style=\"color: #ff0000;\">MX ENTRERRIANO EN COLON<\/span><\/h2>\n<p>(Para ver todas las fotos, click en la im\u00e1gen de abajo)<\/p>\n<p><a href=\"https:\/\/www.facebook.com\/Fotograf%C3%ADa-Pierina-Acevedo-353047571917634\/\"><img fetchpriority=\"high\" decoding=\"async\" class=\"alignnone wp-image-42683 size-full\" src=\"http:\/\/www.crossprensa.com.ar\/news\/wp-content\/uploads\/2019\/05\/Sin-t\u00edtulo-72358241-1.jpg\" alt=\"\" width=\"960\" height=\"635\" \/><\/a><\/p>\n<p><strong>DEBUTANTES<\/strong><\/p>\n<p>1 Roberto Manzoni<\/p>\n<p>2 Juan Sasso<\/p>\n<p>3 Pablo Mansilla<\/p>\n<p>4 Miguel Reccia<\/p>\n<p>5 Mart\u00edn Dabeni<\/p>\n<p>6 Emanuel Bonazzola<\/p>\n<p>7 Enzo Follonier<\/p>\n<p>8 Lucas Rosso<\/p>\n<p>9 Axel Sagan\u00edas<\/p>\n<p>10 Gonzalo Llonin<\/p>\n<p>11 Hern\u00e1n Ganzella<\/p>\n<p>12 Ramiro Bianchi<\/p>\n<p>13 Alvaro Deniz<\/p>\n<p>14 Nahuel Rizzo<\/p>\n<p>15 Dami\u00e1n Lopez<\/p>\n<p>&nbsp;<\/p>\n<p><strong>I<span style=\"font-size: 1rem;\">NTERMEDIA<\/span><\/strong><\/p>\n<p>1 Dar\u00edo Centena<\/p>\n<p>2 Agust\u00edn Rodr\u00edguez<\/p>\n<p>3 Fern\u00e1n Piloni<\/p>\n<p>4 Lautaro Sacks<\/p>\n<p>5 Valent\u00edn Spinelli<\/p>\n<p>6 Nicol\u00e1s Arce<\/p>\n<p>7 Nicol\u00e1s Rodr\u00edguez<\/p>\n<p>8 Javier Zurdo<\/p>\n<p>9 Pablo D\u00b4arc\u00e1ngelo<\/p>\n<p>10 Cristian Arce<\/p>\n<p>11 Edgardo Pitter<\/p>\n<p>&nbsp;<\/p>\n<p><strong>85cc<\/strong><\/p>\n<p>1 Francisco Pasutti<\/p>\n<p>2 Mateo Toscanini<\/p>\n<p>3 Gaspar Feil<\/p>\n<p>4 Tob\u00edas Follonier<\/p>\n<p>&nbsp;<\/p>\n<p><strong>ENDURO CALLE<\/strong><\/p>\n<p>1 Nicol\u00e1s Rodr\u00edguez<\/p>\n<p>2 Alejandro Rasello<\/p>\n<p>3 Marcos Ledesma<\/p>\n<p>4 Federico Bacci<\/p>\n<p>5 Mat\u00edas Lugrin<\/p>\n<p>6 Alvaro Denis<\/p>\n<p>7 Adriel Kachuka<\/p>\n<p>8 Bruno Cuenos<\/p>\n<p>9 Jairo Ortega<\/p>\n<p>10 Guillermo Munilla<\/p>\n<p>&nbsp;<\/p>\n<p><strong>PROMOCIONAL<\/strong><\/p>\n<p>1 Fern\u00e1n Piloni<\/p>\n<p>2 Lautaro Sacks<\/p>\n<p>3 Mart\u00edn Perticaro<\/p>\n<p>4 Ebenezer Garc\u00eda<\/p>\n<p>5 Hern\u00e1n Butteri<\/p>\n<p>6 Alejandro Dur\u00e1n<\/p>\n<p>7 Nicol\u00e1s Arce<\/p>\n<p>8 Pablo D\u00b4arcangelo<\/p>\n<p>9 Horacio Sittner<\/p>\n<p>10 Mat\u00edas Bosso<\/p>\n<p>11 Agust\u00edn Rodr\u00edguez<\/p>\n<p>12 Pablo Montana<\/p>\n<p>13 Daniel Elola<\/p>\n<p>14 Miguel Morard<\/p>\n<p><img decoding=\"async\" class=\"alignnone wp-image-42685 size-full\" src=\"http:\/\/www.crossprensa.com.ar\/news\/wp-content\/uploads\/2019\/05\/Sin-t\u00edtulo-72358240-2.jpg\" alt=\"\" width=\"960\" height=\"1280\" \/><\/p>\n<p><strong>MX3 C<\/strong><\/p>\n<p>1 Leonardo Ballay<\/p>\n<p>2 Gabriel Gonz\u00e1les<\/p>\n<p>3 Tom\u00e1s Rutigliano<\/p>\n<p>4 Diego S\u00e1nchez<\/p>\n<p>5 Juan J. Restivo<\/p>\n<p>6 Miguel Lotysz<\/p>\n<p>7 Carlos Silvestre<\/p>\n<p>8 Daniel Ballino<\/p>\n<p>9 Leonardo Nunez<\/p>\n<p>10 Ren\u00e9 Boratto<\/p>\n<p>11 Alejandro Rusconi<\/p>\n<p>&nbsp;<\/p>\n<p><strong>MX3 B<\/strong><\/p>\n<p>1 Omar Risso<\/p>\n<p>2 Guillermo Grin\u00f3vero<\/p>\n<p>3 Federico Guinsel<\/p>\n<p>&nbsp;<\/p>\n<p><strong>MX3 A<\/strong><\/p>\n<p>1 Cristian Arce<\/p>\n<p>2 Miguel Recchia<\/p>\n<p>3 Cristian B\u00faa<\/p>\n<p>4 Claudio Falce<\/p>\n<p>5 Ezequiel Merlo<\/p>\n<p>6 Adri\u00e1n Testa<\/p>\n<p>7 Gustavo Ortega<\/p>\n<p>&nbsp;<\/p>\n<p><strong>MX2<\/strong><\/p>\n<p>1 Joaqu\u00edn Guinsel<\/p>\n<p>2 Dar\u00edo Centena<\/p>\n<p>3 Agust\u00edn Wensel<\/p>\n<p>4 Valent\u00edn Spinelli<\/p>\n<p><strong>MX1<\/strong><\/p>\n<p>1 Sebasti\u00e1n Freytes<\/p>\n<p>2 Santiago Facello<\/p>\n<p>3 Narciso Cusinato<\/p>\n<p>4 Mauro Gonz\u00e1les<\/p>\n<p>5 Juan Ort\u00edz<\/p>\n","protected":false},"excerpt":{"rendered":"<p>Espectacular fin de semana en Col\u00f3n, para la 3ra. fecha del a\u00f1o el MX Entrerriano&#8230;<\/p>\n","protected":false},"author":2,"featured_media":42684,"comment_status":"open","ping_status":"open","sticky":false,"template":"","format":"standard","meta":{"om_disable_all_campaigns":false,"_monsterinsights_skip_tracking":false,"_monsterinsights_sitenote_active":false,"_monsterinsights_sitenote_note":"","_monsterinsights_sitenote_category":0,"_uf_show_specific_survey":0,"_uf_disable_surveys":false,"footnotes":""},"categories":[38,46],"tags":[],"class_list":["post-42682","post","type-post","status-publish","format-standard","has-post-thumbnail","hentry","category-hot-news","category-mx-entrerriano"],"aioseo_notices":[],"_links":{"self":[{"href":"http:\/\/www.crossprensa.com.ar\/news\/wp-json\/wp\/v2\/posts\/42682","targetHints":{"allow":["GET"]}}],"collection":[{"href":"http:\/\/www.crossprensa.com.ar\/news\/wp-json\/wp\/v2\/posts"}],"about":[{"href":"http:\/\/www.crossprensa.com.ar\/news\/wp-json\/wp\/v2\/types\/post"}],"author":[{"embeddable":true,"href":"http:\/\/www.crossprensa.com.ar\/news\/wp-json\/wp\/v2\/users\/2"}],"replies":[{"embeddable":true,"href":"http:\/\/www.crossprensa.com.ar\/news\/wp-json\/wp\/v2\/comments?post=42682"}],"version-history":[{"count":1,"href":"http:\/\/www.crossprensa.com.ar\/news\/wp-json\/wp\/v2\/posts\/42682\/revisions"}],"predecessor-version":[{"id":42686,"href":"http:\/\/www.crossprensa.com.ar\/news\/wp-json\/wp\/v2\/posts\/42682\/revisions\/42686"}],"wp:featuredmedia":[{"embeddable":true,"href":"http:\/\/www.crossprensa.com.ar\/news\/wp-json\/wp\/v2\/media\/42684"}],"wp:attachment":[{"href":"http:\/\/www.crossprensa.com.ar\/news\/wp-json\/wp\/v2\/media?parent=42682"}],"wp:term":[{"taxonomy":"category","embeddable":true,"href":"http:\/\/www.crossprensa.com.ar\/news\/wp-json\/wp\/v2\/categories?post=42682"},{"taxonomy":"post_tag","embeddable":true,"href":"http:\/\/www.crossprensa.com.ar\/news\/wp-json\/wp\/v2\/tags?post=42682"}],"curies":[{"name":"wp","href":"https:\/\/api.w.org\/{rel}","templated":true}]}}